{"id":200597,"date":"2021-10-09T15:51:46","date_gmt":"2021-10-09T12:51:46","guid":{"rendered":"http:\/\/107.6.182.27\/es\/?p=200597"},"modified":"2023-01-10T14:25:32","modified_gmt":"2023-01-10T12:25:32","slug":"hombre-octogenario-resulta-herido-en-un-ataque-terrorista-con-misiles-contra-la-llanura-de-al-ghab","status":"publish","type":"post","link":"https:\/\/archive.sana.sy\/es\/?p=200597","title":{"rendered":"Hombre octogenario resulta herido en un ataque terrorista con misiles contra la llanura de Al-Ghab"},"content":{"rendered":"<p style=\"text-align: justify;\"><span style=\"color: #800000;\"><strong>Hama, 09 oct (SANA)<\/strong><\/span> Las organizaciones terroristas afiliadas al &#8220;Frente Al-Nusra&#8221;, que est\u00e1 desplegado en Idlib, atacaron con proyectiles la aldea de Al-Baraka, en el extremo occidental de Hama, causando heridas a un ciudadano.<\/p>\n<p style=\"text-align: justify;\">&#8220;Un hombre de unos ochenta a\u00f1os result\u00f3 herido en el ataque con proyectiles cohete contar la aldea de al-Barakah en el distrito de Ziyarah, la campi\u00f1a del extremo noroeste de la provincia central Hama&#8221;, inform\u00f3 una fuente del Comando de Polic\u00eda a SANA.<\/p>\n<p style=\"text-align: justify;\">La fuente agreg\u00f3 que tambi\u00e9n hubo da\u00f1os en los hogares, las propiedades y la infraestructura de la aldea.<\/p>\n<p style=\"text-align: justify;\">Es de se\u00f1alar que una ni\u00f1a perdi\u00f3 la vida y siete civiles resultaron heridos el primero de septiembre pasado como resultado de un ataque de las organizaciones armadas desplegadas en Idlib contra la aldea de Jurin en la campi\u00f1a noroccidental de Hama.<\/p>\n<p style=\"text-align: justify;\"><span style=\"color: #0000ff;\"><strong>sm\/rsh<\/strong><\/span><\/p>\n","protected":false},"excerpt":{"rendered":"<p>Hama, 09 oct (SANA) Las organizaciones terroristas afiliadas al &#8220;Frente Al-Nusra&#8221;, que est\u00e1 desplegado en Idlib, atacaron con proyectiles la aldea de Al-Baraka, en el extremo occidental de Hama, causando heridas a un ciudadano. &#8220;Un hombre de unos ochenta a\u00f1os result\u00f3 herido en el ataque con proyectiles cohete contar la aldea de al-Barakah en el &hellip;<\/p>\n","protected":false},"author":39,"featured_media":200598,"comment_status":"closed","ping_status":"closed","sticky":false,"template":"","format":"standard","meta":{"footnotes":""},"categories":[447,477,597,573,476,457,7541],"tags":[19611,8914,19612,2826,6553],"class_list":["post-200597","post","type-post","status-publish","format-standard","has-post-thumbnail","","category-local-politica","category-noticias-edulcorantes","category-cinta-de-noticias","category-la-realidad-de-los-acontecimientos-en-siria","category-locales","category-noticias-arabe-internacional-politica","category-ultimas-noticias","tag-al-ghab","tag-ataque-terrorista","tag-frente-al-nusra","tag-hama","tag-siria"],"_links":{"self":[{"href":"https:\/\/archive.sana.sy\/es\/index.php?rest_route=\/wp\/v2\/posts\/200597"}],"collection":[{"href":"https:\/\/archive.sana.sy\/es\/index.php?rest_route=\/wp\/v2\/posts"}],"about":[{"href":"https:\/\/archive.sana.sy\/es\/index.php?rest_route=\/wp\/v2\/types\/post"}],"author":[{"embeddable":true,"href":"https:\/\/archive.sana.sy\/es\/index.php?rest_route=\/wp\/v2\/users\/39"}],"replies":[{"embeddable":true,"href":"https:\/\/archive.sana.sy\/es\/index.php?rest_route=%2Fwp%2Fv2%2Fcomments&post=200597"}],"version-history":[{"count":0,"href":"https:\/\/archive.sana.sy\/es\/index.php?rest_route=\/wp\/v2\/posts\/200597\/revisions"}],"wp:featuredmedia":[{"embeddable":true,"href":"https:\/\/archive.sana.sy\/es\/index.php?rest_route=\/wp\/v2\/media\/200598"}],"wp:attachment":[{"href":"https:\/\/archive.sana.sy\/es\/index.php?rest_route=%2Fwp%2Fv2%2Fmedia&parent=200597"}],"wp:term":[{"taxonomy":"category","embeddable":true,"href":"https:\/\/archive.sana.sy\/es\/index.php?rest_route=%2Fwp%2Fv2%2Fcategories&post=200597"},{"taxonomy":"post_tag","embeddable":true,"href":"https:\/\/archive.sana.sy\/es\/index.php?rest_route=%2Fwp%2Fv2%2Ftags&post=200597"}],"curies":[{"name":"wp","href":"https:\/\/api.w.org\/{rel}","templated":true}]}}