{"id":200603,"date":"2021-10-09T15:30:50","date_gmt":"2021-10-09T12:30:50","guid":{"rendered":"http:\/\/107.6.182.27\/es\/?p=200603"},"modified":"2023-01-10T15:13:41","modified_gmt":"2023-01-10T13:13:41","slug":"provincia-de-deir-ezzor-comienza-a-transportar-cosecha-de-algodon","status":"publish","type":"post","link":"https:\/\/archive.sana.sy\/es\/?p=200603","title":{"rendered":"Provincia de Deir Ezzor comienza a transportar cosecha de algod\u00f3n"},"content":{"rendered":"<p style=\"text-align: justify;\"><span style=\"color: #800000;\"><strong>Deir Ezzor, 09 oct (SANA) <\/strong><\/span>La provincia oriental de Deir Ezzor, comenz\u00f3 el proceso de trasportaci\u00f3n del algod\u00f3n para la temporada agr\u00edcola actual.<\/p>\n<p style=\"text-align: justify;\"><img loading=\"lazy\" decoding=\"async\" class=\"size-medium wp-image-200605 alignright\" src=\"http:\/\/107.6.182.27\/es\/wp-content\/uploads\/2021\/10\/9-47-300x178.jpg\" alt=\"\" width=\"300\" height=\"178\" srcset=\"https:\/\/archive.sana.sy\/es\/wp-content\/uploads\/2021\/10\/9-47-300x178.jpg 300w, https:\/\/archive.sana.sy\/es\/wp-content\/uploads\/2021\/10\/9-47-150x89.jpg 150w, https:\/\/archive.sana.sy\/es\/wp-content\/uploads\/2021\/10\/9-47.jpg 660w\" sizes=\"(max-width: 300px) 100vw, 300px\" \/><\/p>\n<p style=\"text-align: justify;\">El director de la Desmotadora de Deir Ezzor, Fara\u00f3n Al-Talaj, dijo en una declaraci\u00f3n a SANA que la desmotadora comenz\u00f3 hoy a recibir la cosecha de algod\u00f3n de los agricultores, para luego trasportarla a las desmotadoras de Homs y Hama.<\/p>\n<p style=\"text-align: justify;\">Es de destacar que la superficie sembrada con algod\u00f3n en Deir Ezzor este a\u00f1o ascendi\u00f3 a 4.216 hect\u00e1reas.<\/p>\n<p style=\"text-align: justify;\"><span style=\"color: #0000ff;\"><strong>sm\/rsh<\/strong><\/span><\/p>\n","protected":false},"excerpt":{"rendered":"<p>Deir Ezzor, 09 oct (SANA) La provincia oriental de Deir Ezzor, comenz\u00f3 el proceso de trasportaci\u00f3n del algod\u00f3n para la temporada agr\u00edcola actual. El director de la Desmotadora de Deir Ezzor, Fara\u00f3n Al-Talaj, dijo en una declaraci\u00f3n a SANA que la desmotadora comenz\u00f3 hoy a recibir la cosecha de algod\u00f3n de los agricultores, para luego &hellip;<\/p>\n","protected":false},"author":39,"featured_media":200604,"comment_status":"closed","ping_status":"closed","sticky":false,"template":"","format":"standard","meta":{"footnotes":""},"categories":[447,477,597,16686,485,476,457,7541],"tags":[19610,10402,6553,19609],"class_list":["post-200603","post","type-post","status-publish","format-standard","has-post-thumbnail","","category-local-politica","category-noticias-edulcorantes","category-cinta-de-noticias","category-economia","category-informes-negocios-y-finanzas","category-locales","category-noticias-arabe-internacional-politica","category-ultimas-noticias","tag-algodon","tag-deir-ezzor","tag-siria","tag-transportar"],"_links":{"self":[{"href":"https:\/\/archive.sana.sy\/es\/index.php?rest_route=\/wp\/v2\/posts\/200603"}],"collection":[{"href":"https:\/\/archive.sana.sy\/es\/index.php?rest_route=\/wp\/v2\/posts"}],"about":[{"href":"https:\/\/archive.sana.sy\/es\/index.php?rest_route=\/wp\/v2\/types\/post"}],"author":[{"embeddable":true,"href":"https:\/\/archive.sana.sy\/es\/index.php?rest_route=\/wp\/v2\/users\/39"}],"replies":[{"embeddable":true,"href":"https:\/\/archive.sana.sy\/es\/index.php?rest_route=%2Fwp%2Fv2%2Fcomments&post=200603"}],"version-history":[{"count":0,"href":"https:\/\/archive.sana.sy\/es\/index.php?rest_route=\/wp\/v2\/posts\/200603\/revisions"}],"wp:featuredmedia":[{"embeddable":true,"href":"https:\/\/archive.sana.sy\/es\/index.php?rest_route=\/wp\/v2\/media\/200604"}],"wp:attachment":[{"href":"https:\/\/archive.sana.sy\/es\/index.php?rest_route=%2Fwp%2Fv2%2Fmedia&parent=200603"}],"wp:term":[{"taxonomy":"category","embeddable":true,"href":"https:\/\/archive.sana.sy\/es\/index.php?rest_route=%2Fwp%2Fv2%2Fcategories&post=200603"},{"taxonomy":"post_tag","embeddable":true,"href":"https:\/\/archive.sana.sy\/es\/index.php?rest_route=%2Fwp%2Fv2%2Ftags&post=200603"}],"curies":[{"name":"wp","href":"https:\/\/api.w.org\/{rel}","templated":true}]}}