{"id":200716,"date":"2021-10-10T12:38:05","date_gmt":"2021-10-10T09:38:05","guid":{"rendered":"http:\/\/107.6.182.27\/es\/?p=200716"},"modified":"2021-10-10T12:38:05","modified_gmt":"2021-10-10T09:38:05","slug":"215-familias-de-martires-reciben-la-orden-de-lealtad-a-la-patria-en-hama","status":"publish","type":"post","link":"https:\/\/archive.sana.sy\/es\/?p=200716","title":{"rendered":"215 familias de m\u00e1rtires reciben la Orden de Lealtad a la Patria en Hama"},"content":{"rendered":"<p style=\"text-align: justify;\"><strong><span style=\"color: #800000;\">Hama, 10 oct (SANA)<\/span><\/strong><\/p>\n<p style=\"text-align: justify;\">El Departamento de Asuntos de Desaparecidos y M\u00e1rtires del Ministerio de Defensa otorg\u00f3 la Orden de lealtad a 215 familias de m\u00e1rtires en la provincia central de Hama durante una ceremonia celebrada en Dar Al-Assad para Cultura y Artes.<\/p>\n<p style=\"text-align: justify;\">El objetivo de este evento es rendir homenaje a hijos y familiares de m\u00e1rtires y expresar profunda gratitud y respeto por el sacrificio de estas familias.<\/p>\n<p style=\"text-align: justify;\">El director de Asuntos de Heridos y Desaparecidos en el Ministerio, Bassam Kamel Berri, dijo que esas familias merecen nuestro mayor reconocimiento y aprecio por los invaluables sacrificios de sus familiares.<\/p>\n<p style=\"text-align: justify;\">A la ceremonia asistieron el gobernador de Hama, Muhammad Tariq Krishati y varios oficiales del ej\u00e9rcito.<\/p>\n<p style=\"text-align: justify;\"><span style=\"color: #0000ff;\"><strong>ws\/fm<\/strong><\/span><\/p>\n","protected":false},"excerpt":{"rendered":"<p>Hama, 10 oct (SANA) El Departamento de Asuntos de Desaparecidos y M\u00e1rtires del Ministerio de Defensa otorg\u00f3 la Orden de lealtad a 215 familias de m\u00e1rtires en la provincia central de Hama durante una ceremonia celebrada en Dar Al-Assad para Cultura y Artes. El objetivo de este evento es rendir homenaje a hijos y familiares &hellip;<\/p>\n","protected":false},"author":35,"featured_media":200717,"comment_status":"closed","ping_status":"closed","sticky":false,"template":"","format":"standard","meta":{"footnotes":""},"categories":[477,447,597,476,7541],"tags":[],"class_list":["post-200716","post","type-post","status-publish","format-standard","has-post-thumbnail","","category-noticias-edulcorantes","category-local-politica","category-cinta-de-noticias","category-locales","category-ultimas-noticias"],"_links":{"self":[{"href":"https:\/\/archive.sana.sy\/es\/index.php?rest_route=\/wp\/v2\/posts\/200716"}],"collection":[{"href":"https:\/\/archive.sana.sy\/es\/index.php?rest_route=\/wp\/v2\/posts"}],"about":[{"href":"https:\/\/archive.sana.sy\/es\/index.php?rest_route=\/wp\/v2\/types\/post"}],"author":[{"embeddable":true,"href":"https:\/\/archive.sana.sy\/es\/index.php?rest_route=\/wp\/v2\/users\/35"}],"replies":[{"embeddable":true,"href":"https:\/\/archive.sana.sy\/es\/index.php?rest_route=%2Fwp%2Fv2%2Fcomments&post=200716"}],"version-history":[{"count":0,"href":"https:\/\/archive.sana.sy\/es\/index.php?rest_route=\/wp\/v2\/posts\/200716\/revisions"}],"wp:featuredmedia":[{"embeddable":true,"href":"https:\/\/archive.sana.sy\/es\/index.php?rest_route=\/wp\/v2\/media\/200717"}],"wp:attachment":[{"href":"https:\/\/archive.sana.sy\/es\/index.php?rest_route=%2Fwp%2Fv2%2Fmedia&parent=200716"}],"wp:term":[{"taxonomy":"category","embeddable":true,"href":"https:\/\/archive.sana.sy\/es\/index.php?rest_route=%2Fwp%2Fv2%2Fcategories&post=200716"},{"taxonomy":"post_tag","embeddable":true,"href":"https:\/\/archive.sana.sy\/es\/index.php?rest_route=%2Fwp%2Fv2%2Ftags&post=200716"}],"curies":[{"name":"wp","href":"https:\/\/api.w.org\/{rel}","templated":true}]}}