{"id":200774,"date":"2021-10-10T17:51:06","date_gmt":"2021-10-10T14:51:06","guid":{"rendered":"http:\/\/107.6.182.27\/es\/?p=200774"},"modified":"2021-10-10T20:56:26","modified_gmt":"2021-10-10T17:56:26","slug":"joven-siria-supera-con-su-microproyecto-las-dificultades-de-la-vida-fotos","status":"publish","type":"post","link":"https:\/\/archive.sana.sy\/es\/?p=200774","title":{"rendered":"Joven siria supera con su microproyecto las dificultades de la vida (+fotos)"},"content":{"rendered":"<p style=\"text-align: justify;\"><span style=\"color: #800000;\"><strong>Sweida, 10 oct (SANA)\u00a0 \u00a0<\/strong><\/span>Ante los desaf\u00edos de la vida y despu\u00e9s del fallecimiento de su hermano, sost\u00e9n de la familia, la joven siria Dina Kamal Naeem de 34 a\u00f1os, oriunda de la provincia sure\u00f1a de Sweida, invirti\u00f3 su esfuerzo y af\u00e1n al trabajo en un microproyecto casero a trav\u00e9s del cual logr\u00f3 la independencia econ\u00f3mica y proporcion\u00f3 subsistencia a s\u00ed misma, a su madre y su sobrina.<\/p>\n<p style=\"text-align: justify;\">Su proyecto se basa en los productos de lana que incluyen juguetes, alfombras, tejidos de paisajes, adem\u00e1s de prendas para diferentes edades.<\/p>\n<p style=\"text-align: justify;\">Asimismo, la joven usa telas recicladas para adornar todos sus trabajos.<\/p>\n<p style=\"text-align: justify;\">Una vez m\u00e1s, las mujeres sirias demuestran determinaci\u00f3n y desaf\u00edo, y ratifican que en Siria nadie se rinde ante las dificultades por muchas que sean.<\/p>\n<p style=\"text-align: justify;\"><strong>ah\/fm<\/strong><\/p>\n<div id='gallery-1' class='gallery galleryid-200774 gallery-columns-1 gallery-size-full'><figure class='gallery-item'>\n\t\t\t<div class='gallery-icon landscape'>\n\t\t\t\t<a href='https:\/\/archive.sana.sy\/es\/wp-content\/uploads\/2021\/10\/photo_2021-10-03_10-03-42-scaled.jpg'><img loading=\"lazy\" decoding=\"async\" width=\"2560\" height=\"1632\" src=\"https:\/\/archive.sana.sy\/es\/wp-content\/uploads\/2021\/10\/photo_2021-10-03_10-03-42-scaled.jpg\" class=\"attachment-full size-full\" alt=\"\" srcset=\"https:\/\/archive.sana.sy\/es\/wp-content\/uploads\/2021\/10\/photo_2021-10-03_10-03-42-scaled.jpg 2560w, https:\/\/archive.sana.sy\/es\/wp-content\/uploads\/2021\/10\/photo_2021-10-03_10-03-42-300x191.jpg 300w, https:\/\/archive.sana.sy\/es\/wp-content\/uploads\/2021\/10\/photo_2021-10-03_10-03-42-1024x653.jpg 1024w, https:\/\/archive.sana.sy\/es\/wp-content\/uploads\/2021\/10\/photo_2021-10-03_10-03-42-150x96.jpg 150w, https:\/\/archive.sana.sy\/es\/wp-content\/uploads\/2021\/10\/photo_2021-10-03_10-03-42-768x489.jpg 768w, https:\/\/archive.sana.sy\/es\/wp-content\/uploads\/2021\/10\/photo_2021-10-03_10-03-42-1536x979.jpg 1536w, https:\/\/archive.sana.sy\/es\/wp-content\/uploads\/2021\/10\/photo_2021-10-03_10-03-42-2048x1305.jpg 2048w\" sizes=\"(max-width: 2560px) 100vw, 2560px\" \/><\/a>\n\t\t\t<\/div><\/figure><figure class='gallery-item'>\n\t\t\t<div class='gallery-icon landscape'>\n\t\t\t\t<a href='https:\/\/archive.sana.sy\/es\/wp-content\/uploads\/2021\/10\/photo_2021-10-03_10-03-54-2-scaled.jpg'><img loading=\"lazy\" decoding=\"async\" width=\"2560\" height=\"1536\" src=\"https:\/\/archive.sana.sy\/es\/wp-content\/uploads\/2021\/10\/photo_2021-10-03_10-03-54-2-scaled.jpg\" class=\"attachment-full size-full\" alt=\"\" srcset=\"https:\/\/archive.sana.sy\/es\/wp-content\/uploads\/2021\/10\/photo_2021-10-03_10-03-54-2-scaled.jpg 2560w, https:\/\/archive.sana.sy\/es\/wp-content\/uploads\/2021\/10\/photo_2021-10-03_10-03-54-2-300x180.jpg 300w, https:\/\/archive.sana.sy\/es\/wp-content\/uploads\/2021\/10\/photo_2021-10-03_10-03-54-2-1024x614.jpg 1024w, https:\/\/archive.sana.sy\/es\/wp-content\/uploads\/2021\/10\/photo_2021-10-03_10-03-54-2-150x90.jpg 150w, https:\/\/archive.sana.sy\/es\/wp-content\/uploads\/2021\/10\/photo_2021-10-03_10-03-54-2-768x461.jpg 768w, https:\/\/archive.sana.sy\/es\/wp-content\/uploads\/2021\/10\/photo_2021-10-03_10-03-54-2-1536x922.jpg 1536w, https:\/\/archive.sana.sy\/es\/wp-content\/uploads\/2021\/10\/photo_2021-10-03_10-03-54-2-2048x1229.jpg 2048w\" sizes=\"(max-width: 2560px) 100vw, 2560px\" \/><\/a>\n\t\t\t<\/div><\/figure><figure class='gallery-item'>\n\t\t\t<div class='gallery-icon landscape'>\n\t\t\t\t<a href='https:\/\/archive.sana.sy\/es\/wp-content\/uploads\/2021\/10\/photo_2021-10-03_10-03-54-scaled.jpg'><img loading=\"lazy\" decoding=\"async\" width=\"2560\" height=\"1522\" src=\"https:\/\/archive.sana.sy\/es\/wp-content\/uploads\/2021\/10\/photo_2021-10-03_10-03-54-scaled.jpg\" class=\"attachment-full size-full\" alt=\"\" srcset=\"https:\/\/archive.sana.sy\/es\/wp-content\/uploads\/2021\/10\/photo_2021-10-03_10-03-54-scaled.jpg 2560w, https:\/\/archive.sana.sy\/es\/wp-content\/uploads\/2021\/10\/photo_2021-10-03_10-03-54-300x178.jpg 300w, https:\/\/archive.sana.sy\/es\/wp-content\/uploads\/2021\/10\/photo_2021-10-03_10-03-54-1024x609.jpg 1024w, https:\/\/archive.sana.sy\/es\/wp-content\/uploads\/2021\/10\/photo_2021-10-03_10-03-54-150x89.jpg 150w, https:\/\/archive.sana.sy\/es\/wp-content\/uploads\/2021\/10\/photo_2021-10-03_10-03-54-768x457.jpg 768w, https:\/\/archive.sana.sy\/es\/wp-content\/uploads\/2021\/10\/photo_2021-10-03_10-03-54-1536x913.jpg 1536w, https:\/\/archive.sana.sy\/es\/wp-content\/uploads\/2021\/10\/photo_2021-10-03_10-03-54-2048x1217.jpg 2048w\" sizes=\"(max-width: 2560px) 100vw, 2560px\" \/><\/a>\n\t\t\t<\/div><\/figure><figure class='gallery-item'>\n\t\t\t<div class='gallery-icon landscape'>\n\t\t\t\t<a href='https:\/\/archive.sana.sy\/es\/wp-content\/uploads\/2021\/10\/photo_2021-10-03_10-04-01-scaled.jpg'><img loading=\"lazy\" decoding=\"async\" width=\"2560\" height=\"1536\" src=\"https:\/\/archive.sana.sy\/es\/wp-content\/uploads\/2021\/10\/photo_2021-10-03_10-04-01-scaled.jpg\" class=\"attachment-full size-full\" alt=\"\" srcset=\"https:\/\/archive.sana.sy\/es\/wp-content\/uploads\/2021\/10\/photo_2021-10-03_10-04-01-scaled.jpg 2560w, https:\/\/archive.sana.sy\/es\/wp-content\/uploads\/2021\/10\/photo_2021-10-03_10-04-01-300x180.jpg 300w, https:\/\/archive.sana.sy\/es\/wp-content\/uploads\/2021\/10\/photo_2021-10-03_10-04-01-1024x614.jpg 1024w, https:\/\/archive.sana.sy\/es\/wp-content\/uploads\/2021\/10\/photo_2021-10-03_10-04-01-150x90.jpg 150w, https:\/\/archive.sana.sy\/es\/wp-content\/uploads\/2021\/10\/photo_2021-10-03_10-04-01-768x461.jpg 768w, https:\/\/archive.sana.sy\/es\/wp-content\/uploads\/2021\/10\/photo_2021-10-03_10-04-01-1536x922.jpg 1536w, https:\/\/archive.sana.sy\/es\/wp-content\/uploads\/2021\/10\/photo_2021-10-03_10-04-01-2048x1229.jpg 2048w\" sizes=\"(max-width: 2560px) 100vw, 2560px\" \/><\/a>\n\t\t\t<\/div><\/figure><figure class='gallery-item'>\n\t\t\t<div class='gallery-icon landscape'>\n\t\t\t\t<a href='https:\/\/archive.sana.sy\/es\/wp-content\/uploads\/2021\/10\/photo_2021-10-03_10-04-05-scaled.jpg'><img loading=\"lazy\" decoding=\"async\" width=\"2560\" height=\"1536\" src=\"https:\/\/archive.sana.sy\/es\/wp-content\/uploads\/2021\/10\/photo_2021-10-03_10-04-05-scaled.jpg\" class=\"attachment-full size-full\" alt=\"\" srcset=\"https:\/\/archive.sana.sy\/es\/wp-content\/uploads\/2021\/10\/photo_2021-10-03_10-04-05-scaled.jpg 2560w, https:\/\/archive.sana.sy\/es\/wp-content\/uploads\/2021\/10\/photo_2021-10-03_10-04-05-300x180.jpg 300w, https:\/\/archive.sana.sy\/es\/wp-content\/uploads\/2021\/10\/photo_2021-10-03_10-04-05-1024x614.jpg 1024w, https:\/\/archive.sana.sy\/es\/wp-content\/uploads\/2021\/10\/photo_2021-10-03_10-04-05-150x90.jpg 150w, https:\/\/archive.sana.sy\/es\/wp-content\/uploads\/2021\/10\/photo_2021-10-03_10-04-05-768x461.jpg 768w, https:\/\/archive.sana.sy\/es\/wp-content\/uploads\/2021\/10\/photo_2021-10-03_10-04-05-1536x922.jpg 1536w, https:\/\/archive.sana.sy\/es\/wp-content\/uploads\/2021\/10\/photo_2021-10-03_10-04-05-2048x1229.jpg 2048w\" sizes=\"(max-width: 2560px) 100vw, 2560px\" \/><\/a>\n\t\t\t<\/div><\/figure>\n\t\t<\/div>\n\n","protected":false},"excerpt":{"rendered":"<p>Sweida, 10 oct (SANA)\u00a0 \u00a0Ante los desaf\u00edos de la vida y despu\u00e9s del fallecimiento de su hermano, sost\u00e9n de la familia, la joven siria Dina Kamal Naeem de 34 a\u00f1os, oriunda de la provincia sure\u00f1a de Sweida, invirti\u00f3 su esfuerzo y af\u00e1n al trabajo en un microproyecto casero a trav\u00e9s del cual logr\u00f3 la independencia &hellip;<\/p>\n","protected":false},"author":30,"featured_media":200775,"comment_status":"closed","ping_status":"closed","sticky":false,"template":"","format":"standard","meta":{"footnotes":""},"categories":[597,19549,7541],"tags":[19677,19679,19678,19676,19680],"class_list":["post-200774","post","type-post","status-publish","format-standard","has-post-thumbnail","","category-cinta-de-noticias","category-ellas","category-ultimas-noticias","tag-chica","tag-desafio","tag-lana","tag-microproyecto","tag-trabajo"],"_links":{"self":[{"href":"https:\/\/archive.sana.sy\/es\/index.php?rest_route=\/wp\/v2\/posts\/200774"}],"collection":[{"href":"https:\/\/archive.sana.sy\/es\/index.php?rest_route=\/wp\/v2\/posts"}],"about":[{"href":"https:\/\/archive.sana.sy\/es\/index.php?rest_route=\/wp\/v2\/types\/post"}],"author":[{"embeddable":true,"href":"https:\/\/archive.sana.sy\/es\/index.php?rest_route=\/wp\/v2\/users\/30"}],"replies":[{"embeddable":true,"href":"https:\/\/archive.sana.sy\/es\/index.php?rest_route=%2Fwp%2Fv2%2Fcomments&post=200774"}],"version-history":[{"count":0,"href":"https:\/\/archive.sana.sy\/es\/index.php?rest_route=\/wp\/v2\/posts\/200774\/revisions"}],"wp:featuredmedia":[{"embeddable":true,"href":"https:\/\/archive.sana.sy\/es\/index.php?rest_route=\/wp\/v2\/media\/200775"}],"wp:attachment":[{"href":"https:\/\/archive.sana.sy\/es\/index.php?rest_route=%2Fwp%2Fv2%2Fmedia&parent=200774"}],"wp:term":[{"taxonomy":"category","embeddable":true,"href":"https:\/\/archive.sana.sy\/es\/index.php?rest_route=%2Fwp%2Fv2%2Fcategories&post=200774"},{"taxonomy":"post_tag","embeddable":true,"href":"https:\/\/archive.sana.sy\/es\/index.php?rest_route=%2Fwp%2Fv2%2Ftags&post=200774"}],"curies":[{"name":"wp","href":"https:\/\/api.w.org\/{rel}","templated":true}]}}