{"id":200816,"date":"2021-10-11T15:40:53","date_gmt":"2021-10-11T12:40:53","guid":{"rendered":"http:\/\/107.6.182.27\/es\/?p=200816"},"modified":"2021-10-11T16:47:56","modified_gmt":"2021-10-11T13:47:56","slug":"siria-denuncia-ante-el-mnoal-la-ocupacion-agresion-y-terrorismo-estadounidense-turco-e-israeli","status":"publish","type":"post","link":"https:\/\/archive.sana.sy\/es\/?p=200816","title":{"rendered":"Siria denuncia ante el MNOAL la ocupaci\u00f3n, agresi\u00f3n y terrorismo estadounidense, turco e israel\u00ed"},"content":{"rendered":"<p style=\"text-align: justify;\"><span style=\"color: #800000;\"><strong>Belgrado, 11 oct (SANA)<\/strong><\/span> El ministro de Exteriores y Expatriados, Faisal al-Mekdad, dijo ante la reuni\u00f3n de alto nivel de los pa\u00edses del Movimiento de No Alineados (MNOAL) celebrada en la capital serbia, Belgrado, que los pa\u00edses del Movimiento acordaron desde su fundaci\u00f3n hace 60 a\u00f1os, lograr un mundo m\u00e1s seguro en el que prevalezcan la paz, la justicia y la cooperaci\u00f3n y basado en el respeto a la soberan\u00eda, la independencia y la integridad territorial de los Estados.<\/p>\n<p style=\"text-align: justify;\">Afirm\u00f3 que Estados Unidos, Francia y Gran Breta\u00f1a, pa\u00edses que se supone que deben mantener la paz y la seguridad internacionales por ser miembros permanentes del Consejo de Seguridad, no han le\u00eddo bien los principios del movimiento, lo cual exige que los pa\u00edses del MNOAL reactiven sus relaciones hist\u00f3ricas en beneficio de sus pa\u00edses y pueblos.<\/p>\n<p style=\"text-align: justify;\">Por otro lado, denunci\u00f3 que algunos pa\u00edses usan la llamada &#8220;coalici\u00f3n internacional contra el terrorismo del Daesh\u201d para implementar sus agendas geopol\u00edticas en Siria y toda la regi\u00f3n, lo cual fue aprovechado por el ocupante turco para implementar sus ambiciones coloniales.<\/p>\n<p style=\"text-align: justify;\">Seg\u00fan el jefe de la diplomacia siria, el r\u00e9gimen turco trajo a terroristas de todo el mundo en un intento de destruir a Siria, adem\u00e1s ejerce un terrorismo de agua al cortar el agua a un mill\u00f3n de ciudadanos en Hasakeh y reduce el flujo del r\u00edo \u00c9ufrates, causando desastres humanitarios para millones de sirios.<\/p>\n<p style=\"text-align: justify;\">Por otro lado, el Canciller destac\u00f3 que Siria enfrentar\u00e1 con todas las fuerzas a su alcance todas las formas de ocupaci\u00f3n, agresi\u00f3n y terrorismo estadounidense, turco e israel\u00ed, y reafirma su derecho en la restauraci\u00f3n de sus tierras ocupadas y la continuaci\u00f3n de la lucha contra el terrorismo.<\/p>\n<p style=\"text-align: justify;\">A\u00f1adi\u00f3 que las acciones terroristas cometidas por el Daesh y el Frente Al-Nousra en Siria y muchos pa\u00edses, es una clara evidencia de la exacerbaci\u00f3n del fen\u00f3meno del terrorismo y su alcance niveles de criminalidad sin precedentes.<\/p>\n<p><strong><span style=\"color: #0000ff;\">fm\/ed<\/span><\/strong><\/p>\n","protected":false},"excerpt":{"rendered":"<p>Belgrado, 11 oct (SANA) El ministro de Exteriores y Expatriados, Faisal al-Mekdad, dijo ante la reuni\u00f3n de alto nivel de los pa\u00edses del Movimiento de No Alineados (MNOAL) celebrada en la capital serbia, Belgrado, que los pa\u00edses del Movimiento acordaron desde su fundaci\u00f3n hace 60 a\u00f1os, lograr un mundo m\u00e1s seguro en el que prevalezcan &hellip;<\/p>\n","protected":false},"author":32,"featured_media":200851,"comment_status":"closed","ping_status":"closed","sticky":false,"template":"","format":"standard","meta":{"footnotes":""},"categories":[597,467,583],"tags":[],"class_list":["post-200816","post","type-post","status-publish","format-standard","has-post-thumbnail","","category-cinta-de-noticias","category-siria-y-el-mundo","category-slide"],"_links":{"self":[{"href":"https:\/\/archive.sana.sy\/es\/index.php?rest_route=\/wp\/v2\/posts\/200816"}],"collection":[{"href":"https:\/\/archive.sana.sy\/es\/index.php?rest_route=\/wp\/v2\/posts"}],"about":[{"href":"https:\/\/archive.sana.sy\/es\/index.php?rest_route=\/wp\/v2\/types\/post"}],"author":[{"embeddable":true,"href":"https:\/\/archive.sana.sy\/es\/index.php?rest_route=\/wp\/v2\/users\/32"}],"replies":[{"embeddable":true,"href":"https:\/\/archive.sana.sy\/es\/index.php?rest_route=%2Fwp%2Fv2%2Fcomments&post=200816"}],"version-history":[{"count":0,"href":"https:\/\/archive.sana.sy\/es\/index.php?rest_route=\/wp\/v2\/posts\/200816\/revisions"}],"wp:featuredmedia":[{"embeddable":true,"href":"https:\/\/archive.sana.sy\/es\/index.php?rest_route=\/wp\/v2\/media\/200851"}],"wp:attachment":[{"href":"https:\/\/archive.sana.sy\/es\/index.php?rest_route=%2Fwp%2Fv2%2Fmedia&parent=200816"}],"wp:term":[{"taxonomy":"category","embeddable":true,"href":"https:\/\/archive.sana.sy\/es\/index.php?rest_route=%2Fwp%2Fv2%2Fcategories&post=200816"},{"taxonomy":"post_tag","embeddable":true,"href":"https:\/\/archive.sana.sy\/es\/index.php?rest_route=%2Fwp%2Fv2%2Ftags&post=200816"}],"curies":[{"name":"wp","href":"https:\/\/api.w.org\/{rel}","templated":true}]}}