{"id":200824,"date":"2021-10-11T14:44:10","date_gmt":"2021-10-11T11:44:10","guid":{"rendered":"http:\/\/107.6.182.27\/es\/?p=200824"},"modified":"2021-10-11T16:37:37","modified_gmt":"2021-10-11T13:37:37","slug":"siria-participa-en-la-reunion-de-alto-nivel-del-movimiento-de-paises-no-alineados-en-belgrado","status":"publish","type":"post","link":"https:\/\/archive.sana.sy\/es\/?p=200824","title":{"rendered":"Siria participa en la reuni\u00f3n de alto nivel del Movimiento de Pa\u00edses No Alineados en Belgrado"},"content":{"rendered":"<p style=\"text-align: justify;\"><strong><span style=\"color: #800000;\">Belgrado, 11 oct (SANA) <\/span><\/strong>La Reuni\u00f3n de Alto Nivel para Conmemorar el 60\u00ba Aniversario de la 1\u00aa Conferencia del Movimiento de Pa\u00edses No Alineados (MNOAL) inici\u00f3 sus actividades en la capital serbia de Belgrado.<\/p>\n<p style=\"text-align: justify;\">La Rep\u00fablica \u00c1rabe Siria participa en la reuni\u00f3n con una delegaci\u00f3n encabezada por el ministro de Exteriores y Expatriados, Faisal al-Mekdad , el Viceministro de Relaciones Exteriores y Expatriados Bashar al-Jafari, el Director del Departamento de Oficinas Privadas Abdullah Halaq, y el encargado asuntos de la Embajada de Siria en Serbia, Ammar Awad.<\/p>\n<p style=\"text-align: justify;\">Mekdad se reunir\u00e1 con varios de sus hom\u00f3logos que participan en la reuni\u00f3n, d\u00edcese de la situaci\u00f3n del Movimiento de Pa\u00edses No Alineados, los \u00faltimos acontecimientos internacionales y las relaciones bilaterales.<\/p>\n<p style=\"text-align: justify;\"><strong><span style=\"color: #0000ff;\">ed\/rsh<\/span><\/strong><\/p>\n","protected":false},"excerpt":{"rendered":"<p>Belgrado, 11 oct (SANA) La Reuni\u00f3n de Alto Nivel para Conmemorar el 60\u00ba Aniversario de la 1\u00aa Conferencia del Movimiento de Pa\u00edses No Alineados (MNOAL) inici\u00f3 sus actividades en la capital serbia de Belgrado. La Rep\u00fablica \u00c1rabe Siria participa en la reuni\u00f3n con una delegaci\u00f3n encabezada por el ministro de Exteriores y Expatriados, Faisal al-Mekdad &hellip;<\/p>\n","protected":false},"author":32,"featured_media":200825,"comment_status":"closed","ping_status":"closed","sticky":false,"template":"","format":"standard","meta":{"footnotes":""},"categories":[597,467],"tags":[],"class_list":["post-200824","post","type-post","status-publish","format-standard","has-post-thumbnail","","category-cinta-de-noticias","category-siria-y-el-mundo"],"_links":{"self":[{"href":"https:\/\/archive.sana.sy\/es\/index.php?rest_route=\/wp\/v2\/posts\/200824"}],"collection":[{"href":"https:\/\/archive.sana.sy\/es\/index.php?rest_route=\/wp\/v2\/posts"}],"about":[{"href":"https:\/\/archive.sana.sy\/es\/index.php?rest_route=\/wp\/v2\/types\/post"}],"author":[{"embeddable":true,"href":"https:\/\/archive.sana.sy\/es\/index.php?rest_route=\/wp\/v2\/users\/32"}],"replies":[{"embeddable":true,"href":"https:\/\/archive.sana.sy\/es\/index.php?rest_route=%2Fwp%2Fv2%2Fcomments&post=200824"}],"version-history":[{"count":0,"href":"https:\/\/archive.sana.sy\/es\/index.php?rest_route=\/wp\/v2\/posts\/200824\/revisions"}],"wp:featuredmedia":[{"embeddable":true,"href":"https:\/\/archive.sana.sy\/es\/index.php?rest_route=\/wp\/v2\/media\/200825"}],"wp:attachment":[{"href":"https:\/\/archive.sana.sy\/es\/index.php?rest_route=%2Fwp%2Fv2%2Fmedia&parent=200824"}],"wp:term":[{"taxonomy":"category","embeddable":true,"href":"https:\/\/archive.sana.sy\/es\/index.php?rest_route=%2Fwp%2Fv2%2Fcategories&post=200824"},{"taxonomy":"post_tag","embeddable":true,"href":"https:\/\/archive.sana.sy\/es\/index.php?rest_route=%2Fwp%2Fv2%2Ftags&post=200824"}],"curies":[{"name":"wp","href":"https:\/\/api.w.org\/{rel}","templated":true}]}}