{"id":200827,"date":"2021-10-11T15:40:53","date_gmt":"2021-10-11T12:40:53","guid":{"rendered":"http:\/\/107.6.182.27\/es\/?p=200827"},"modified":"2023-01-10T14:25:27","modified_gmt":"2023-01-10T12:25:27","slug":"nuestra-poblacion-en-el-golan-afirmo-su-rechazo-a-los-planes-de-colonizacion-en-sus-tierras","status":"publish","type":"post","link":"https:\/\/archive.sana.sy\/es\/?p=200827","title":{"rendered":"Sirios del Gol\u00e1n rechazan planes de \u201cIsrael\u201d para usurpar sus tierras"},"content":{"rendered":"<p style=\"text-align: justify;\"><span style=\"color: #800000;\"><strong>Gol\u00e1n sirio ocupado, 11 oct (SANA)<\/strong><\/span>\u00a0 \u00a0 La poblaci\u00f3n en el Gol\u00e1n sirio ocupado reafirm\u00f3 su rechazo a cualquier plan de colonizaci\u00f3n de sus tierras por parte del ocupante israel\u00ed.<\/p>\n<p style=\"text-align: justify;\">Durante un acto de protesta en el poblado de Masaada, los patriotas ratificaron en una declaraci\u00f3n su aferramiento a su identidad \u00e1rabe siria.<\/p>\n<p style=\"text-align: justify;\">El acto viene en protesta por la reuni\u00f3n que el gobierno de ocupaci\u00f3n celebr\u00f3 hoy en el Gol\u00e1n ocupado para ampliar la colonizaci\u00f3n por medio de un plan para construir 7000 unidades de vivienda a fin de incrementar el n\u00famero de colonos de 40.000 a 100.000.<\/p>\n<p style=\"text-align: justify;\">Esto se produce en el marco de un plan para cambiar el car\u00e1cter demogr\u00e1fico y la geograf\u00eda del Gol\u00e1n.<\/p>\n<p style=\"text-align: justify;\">Los manifestantes rechazaron tambi\u00e9n el plan israel\u00ed de instalar 46 turbinas e\u00f3licas sobre un \u00e1rea de 600 hect\u00e1reas de las tierras de las localidades de Majdal Shams, Ain Qinya, Bakaatha y Masaada en una violaci\u00f3n flagrante de las resoluciones de la legalidad internacional y la Carta de Naciones Unidas.<\/p>\n<p><span style=\"color: #0000ff;\"><strong>rsh\/fm\/ed<\/strong><\/span><\/p>\n<div id='gallery-1' class='gallery galleryid-200827 gallery-columns-1 gallery-size-full'><figure class='gallery-item'>\n\t\t\t<div class='gallery-icon landscape'>\n\t\t\t\t<a href='https:\/\/archive.sana.sy\/es\/wp-content\/uploads\/2021\/10\/photo_2021-10-11_16-02-26-scaled.jpg'><img loading=\"lazy\" decoding=\"async\" width=\"2560\" height=\"1689\" src=\"https:\/\/archive.sana.sy\/es\/wp-content\/uploads\/2021\/10\/photo_2021-10-11_16-02-26-scaled.jpg\" class=\"attachment-full size-full\" alt=\"\" srcset=\"https:\/\/archive.sana.sy\/es\/wp-content\/uploads\/2021\/10\/photo_2021-10-11_16-02-26-scaled.jpg 2560w, https:\/\/archive.sana.sy\/es\/wp-content\/uploads\/2021\/10\/photo_2021-10-11_16-02-26-300x198.jpg 300w, https:\/\/archive.sana.sy\/es\/wp-content\/uploads\/2021\/10\/photo_2021-10-11_16-02-26-1024x676.jpg 1024w, https:\/\/archive.sana.sy\/es\/wp-content\/uploads\/2021\/10\/photo_2021-10-11_16-02-26-150x99.jpg 150w, https:\/\/archive.sana.sy\/es\/wp-content\/uploads\/2021\/10\/photo_2021-10-11_16-02-26-768x507.jpg 768w, https:\/\/archive.sana.sy\/es\/wp-content\/uploads\/2021\/10\/photo_2021-10-11_16-02-26-1536x1014.jpg 1536w, https:\/\/archive.sana.sy\/es\/wp-content\/uploads\/2021\/10\/photo_2021-10-11_16-02-26-2048x1351.jpg 2048w, https:\/\/archive.sana.sy\/es\/wp-content\/uploads\/2021\/10\/photo_2021-10-11_16-02-26-310x205.jpg 310w\" sizes=\"(max-width: 2560px) 100vw, 2560px\" \/><\/a>\n\t\t\t<\/div><\/figure><figure class='gallery-item'>\n\t\t\t<div class='gallery-icon landscape'>\n\t\t\t\t<a href='https:\/\/archive.sana.sy\/es\/wp-content\/uploads\/2021\/10\/photo_2021-10-11_16-03-00-scaled.jpg'><img loading=\"lazy\" decoding=\"async\" width=\"2560\" height=\"1568\" src=\"https:\/\/archive.sana.sy\/es\/wp-content\/uploads\/2021\/10\/photo_2021-10-11_16-03-00-scaled.jpg\" class=\"attachment-full size-full\" alt=\"\" srcset=\"https:\/\/archive.sana.sy\/es\/wp-content\/uploads\/2021\/10\/photo_2021-10-11_16-03-00-scaled.jpg 2560w, https:\/\/archive.sana.sy\/es\/wp-content\/uploads\/2021\/10\/photo_2021-10-11_16-03-00-300x184.jpg 300w, https:\/\/archive.sana.sy\/es\/wp-content\/uploads\/2021\/10\/photo_2021-10-11_16-03-00-1024x627.jpg 1024w, https:\/\/archive.sana.sy\/es\/wp-content\/uploads\/2021\/10\/photo_2021-10-11_16-03-00-150x92.jpg 150w, https:\/\/archive.sana.sy\/es\/wp-content\/uploads\/2021\/10\/photo_2021-10-11_16-03-00-768x470.jpg 768w, https:\/\/archive.sana.sy\/es\/wp-content\/uploads\/2021\/10\/photo_2021-10-11_16-03-00-1536x941.jpg 1536w, https:\/\/archive.sana.sy\/es\/wp-content\/uploads\/2021\/10\/photo_2021-10-11_16-03-00-2048x1254.jpg 2048w\" sizes=\"(max-width: 2560px) 100vw, 2560px\" \/><\/a>\n\t\t\t<\/div><\/figure>\n\t\t<\/div>\n\n","protected":false},"excerpt":{"rendered":"<p>Gol\u00e1n sirio ocupado, 11 oct (SANA)\u00a0 \u00a0 La poblaci\u00f3n en el Gol\u00e1n sirio ocupado reafirm\u00f3 su rechazo a cualquier plan de colonizaci\u00f3n de sus tierras por parte del ocupante israel\u00ed. Durante un acto de protesta en el poblado de Masaada, los patriotas ratificaron en una declaraci\u00f3n su aferramiento a su identidad \u00e1rabe siria. El acto &hellip;<\/p>\n","protected":false},"author":32,"featured_media":200842,"comment_status":"closed","ping_status":"closed","sticky":false,"template":"","format":"standard","meta":{"footnotes":""},"categories":[477,447,597,476,583],"tags":[19691,7204,9234],"class_list":["post-200827","post","type-post","status-publish","format-standard","has-post-thumbnail","","category-noticias-edulcorantes","category-local-politica","category-cinta-de-noticias","category-locales","category-slide","tag-golan","tag-israel","tag-majdal-shams"],"_links":{"self":[{"href":"https:\/\/archive.sana.sy\/es\/index.php?rest_route=\/wp\/v2\/posts\/200827"}],"collection":[{"href":"https:\/\/archive.sana.sy\/es\/index.php?rest_route=\/wp\/v2\/posts"}],"about":[{"href":"https:\/\/archive.sana.sy\/es\/index.php?rest_route=\/wp\/v2\/types\/post"}],"author":[{"embeddable":true,"href":"https:\/\/archive.sana.sy\/es\/index.php?rest_route=\/wp\/v2\/users\/32"}],"replies":[{"embeddable":true,"href":"https:\/\/archive.sana.sy\/es\/index.php?rest_route=%2Fwp%2Fv2%2Fcomments&post=200827"}],"version-history":[{"count":0,"href":"https:\/\/archive.sana.sy\/es\/index.php?rest_route=\/wp\/v2\/posts\/200827\/revisions"}],"wp:featuredmedia":[{"embeddable":true,"href":"https:\/\/archive.sana.sy\/es\/index.php?rest_route=\/wp\/v2\/media\/200842"}],"wp:attachment":[{"href":"https:\/\/archive.sana.sy\/es\/index.php?rest_route=%2Fwp%2Fv2%2Fmedia&parent=200827"}],"wp:term":[{"taxonomy":"category","embeddable":true,"href":"https:\/\/archive.sana.sy\/es\/index.php?rest_route=%2Fwp%2Fv2%2Fcategories&post=200827"},{"taxonomy":"post_tag","embeddable":true,"href":"https:\/\/archive.sana.sy\/es\/index.php?rest_route=%2Fwp%2Fv2%2Ftags&post=200827"}],"curies":[{"name":"wp","href":"https:\/\/api.w.org\/{rel}","templated":true}]}}