{"id":20087,"date":"2015-03-24T22:57:04","date_gmt":"2015-03-24T20:57:04","guid":{"rendered":"http:\/\/www.sana.sy\/es\/?p=20087"},"modified":"2015-03-24T22:59:49","modified_gmt":"2015-03-24T20:59:49","slug":"un-ex-diputado-belga-el-presidente-al-assad-es-un-aliado-en-la-lucha-contra-el-terrorismo","status":"publish","type":"post","link":"https:\/\/archive.sana.sy\/es\/?p=20087","title":{"rendered":"Un ex diputado belga: el presidente al-Assad es un aliado en la lucha contra el terrorismo"},"content":{"rendered":"<p style=\"text-align: justify\"><span style=\"color: #800000\">Damasco, SANA<\/span><\/p>\n<p style=\"text-align: justify\">El presidente de la Asamblea del Pueblo, Mohamad Yihad al-Laham examin\u00f3 este martes con una delegaci\u00f3n belga encabezada por el ex diputado\u00a0 Filip Dewinter, las relaciones interparlamentarias entre Siria y B\u00e9lgica.<\/p>\n<p style=\"text-align: justify\">Dewinter ratific\u00f3 que la delegaci\u00f3n trabajar\u00e1 para reanudar las relaciones diplom\u00e1ticas con Siria y poner fin al embargo econ\u00f3mico impuesto sobre la misma, tomando en cuenta que el pueblo sirio es la parte afectada directamente de este bloqueo.<\/p>\n<p style=\"text-align: justify\">\u201cEl presidente al-Assad es un aliado y no es un enemigo ya que est\u00e1 luchando contra el terrorismo y el extremismo que estamos sufriendo nosotros tambi\u00e9n\u201d, enfatiz\u00f3 el alto pol\u00edtico belga, agregando que \u201csi Siria cae, tambi\u00e9n caer\u00e1n Jordania, el L\u00edbano y todos los pa\u00edses cerca de Europa que ser\u00e1 alcanzada a su vez por el terrorismo\u201d, acot\u00f3 el pol\u00edtico belga.<\/p>\n<p style=\"text-align: justify\">El ex diputado belga se\u00f1al\u00f3 que Siria es la cuna del cristianismo y el islam para todos los pueblos occidentales, as\u00ed como es un pa\u00eds que goza de verdaderos valores democr\u00e1ticos y laicos, lo cual no se pudo ver en Arabia Saudita y Emiratos \u00c1rabes que son aliados de Occidente.<\/p>\n<p style=\"text-align: justify\">Dewinter aludi\u00f3 que los pueblos occidentales han comenzado a preguntarse sobre la realidad de lo que est\u00e1 sucediendo, sobre todo despu\u00e9s de los ataques terroristas que azotaron Francia, Dinamarca y B\u00e9lgica. En este contexto, el alto pol\u00edtico belga se disculp\u00f3 por el hecho de que los terroristas que est\u00e1n combatiendo en Siria procedieron de todos los rincones del mundo, especialmente de los pa\u00edses europeos. \u201cSolamente de mi pa\u00eds B\u00e9lgica alrededor de 445 ciudadanos ha sumado a los terroristas en Siria\u201d, lament\u00f3.<\/p>\n<p style=\"text-align: justify\">Asimismo llam\u00f3 a detener las conversaciones de Occidente con Turqu\u00eda, ya que el Gobierno de este pa\u00eds sigue prestando apoyo log\u00edstico a los grupos terroristas, sobre todo el Estado Isl\u00e1mico.<\/p>\n<p style=\"text-align: justify\">El pol\u00edtico europeo aclar\u00f3 que la visita de la delegaci\u00f3n belga tiene por objetivo examinar de cerca la realidad de los acontecimientos en Siria, especialmente que los medios de comunicaci\u00f3n occidentales no publican noticias objetivas de este pa\u00eds.<\/p>\n<p style=\"text-align: justify\">A su vez, el presidente del Parlamento sirio destac\u00f3 la necesidad de que la delegaci\u00f3n belga conozca de cerca la realidad de la crisis siria lejos de la desinformaci\u00f3n y la tergiversaci\u00f3n vehiculadas por los gobiernos y medios de comunicaci\u00f3n occidentales.<\/p>\n<p style=\"text-align: justify\">Asimismo aclar\u00f3 que Siria ha manifestado siempre su disposici\u00f3n de cooperar con las organizaciones, las instituciones y los parlamentos internacionales en cuanto a su crisis, pese a las posturas negativas de algunos de estos organismos.<\/p>\n<p style=\"text-align: justify\">Al-Laham hizo hincapi\u00e9 en que algunos gobiernos occidentales, especialmente los de EEUU y Francia, siguen apoyando al terrorismo que sufren Siria y su pueblo mediante prestar entrenamiento a la llamada \u201coposici\u00f3n moderada\u201d, tachando de \u201cla f\u00e1brica verdadera del terrorismo\u201d a Arabia Saudita, y otros pa\u00edses regionales como Turqu\u00eda y Qatar que brindan apoyo financiero y log\u00edstico a los terroristas.<\/p>\n<p style=\"text-align: justify\">En este contexto, al-Laham advirti\u00f3 del peligro de la ideolog\u00eda terrorista y extremista que est\u00e1 promoviendo Arabia Saudita en las mezquitas, escuelas y a trav\u00e9s de los medios de comunicaci\u00f3n y p\u00e1ginas web tarifitas, sobre los pa\u00edses occidentales y laicos del mundo, haciendo hincapi\u00e9 en la necesidad de ejercer presi\u00f3n sobre los pa\u00edses que patrocinan el terrorismo, sobre todo Arabia Saudita y Turqu\u00eda para que cumplen con las resoluciones del Consejo de Seguridad Internacional en materia de la lucha contra el terrorismo.<\/p>\n<p style=\"text-align: justify\">En declaraciones concedidas a la prensa tras la reuni\u00f3n, el presidente de la delegaci\u00f3n belga aludi\u00f3 a la necesidad de luchar contra los terroristas que representan una suma amenaza por el mundo entero, expresando su esperanza en la capacidad de Siria de salir de su crisis y vencer el terrorismo, ya que tiene raz\u00f3n y marcha en el rumbo correcto.<\/p>\n<p style=\"text-align: justify\"><span style=\"color: #0000ff\">El Grna Muft\u00ed se re\u00fane con pol\u00edticos belgas<\/span><\/p>\n<p style=\"text-align: justify\">En el mismo contexto, el gran Muft\u00ed de la Rep\u00fablica \u00c1rabe Siria, Ahamad Bader Addin Hassoun se entrevist\u00f3 con la misma delegaci\u00f3n occidental, donde llam\u00f3 a sus miembros a investigar la realidad de lo que est\u00e1 ocurriendo en Siria.<\/p>\n<p style=\"text-align: justify\">Por su parte, los miembros de la delegaci\u00f3n destacaron la necesidad de levantar el bloqueo econ\u00f3mico impuesto sobre Siria, reanudar las relaciones diplom\u00e1ticas con la misma y considerar al presidente Bashar al-Assad como\u00a0 un aliado en la lucha contra el terrorismo.<\/p>\n<p style=\"text-align: justify\">\n<span style=\"color: #0000ff\">Dewinter: las sanciones econ\u00f3micas impuestas al pueblo sirio es un hecho\u00a0 inaceptable<\/span><\/p>\n<p>El Presidente de la delegaci\u00f3n parlamentaria belga Filip Dewinter,\u00a0 consider\u00f3 que las sanciones econ\u00f3micas impuestas al pueblo sirio es un hecho\u00a0 inaceptable para los pueblos europeos, llamando a poner fin de estas\u00a0 sanciones.<\/p>\n<p>Dewinter\u00a0 y Durante una reuni\u00f3n con el Ministro de Salud Dr. Nizar Yazigi, a\u00f1adi\u00f3\u00a0\u00a0 que estas sanciones son inaceptables\u00a0 e inhumanos contra el pueblo sirio, porque afectaron\u00a0 al sector humanitario y sanitario\u00a0 en Siria y llevaron\u00a0 a la prohibici\u00f3n de tener acceso a\u00a0 medicina, y alimentaci\u00f3n, y que vamos a trabajar para que el sufrimiento de la gente en Siria llegar\u00e1 tanto al pueblo como a los funcionarios en Europa.<\/p>\n<p>Por su parte, el ministro de Salud, expres\u00f3\u00a0 su esperanza de que la delegaci\u00f3n parlamentaria belga explicar\u00e1 el sufrimiento del pueblo sirio como consecuencia del\u00a0 terrorismo\u00a0 el que destruyo\u00a0 muchas de las instalaciones sanitarias, lo que llev\u00f3 a la salida de 99 hospitales del servicio, y la destrucci\u00f3n de 33 hospitales totalmente, as\u00ed como la destrucci\u00f3n de 418 ambulancias y la muerte de 202 trabajadores el sector sanitario adem\u00e1s de\u00a0 240 heridos, y causando graves da\u00f1os\u00a0 en 692 centros de salud.<\/p>\n<p><span style=\"color: #800000\">Lynn A.M.Miri<\/span><\/p>\n","protected":false},"excerpt":{"rendered":"<p>Damasco, SANA El presidente de la Asamblea del Pueblo, Mohamad Yihad al-Laham examin\u00f3 este martes con una delegaci\u00f3n belga encabezada por el ex diputado\u00a0 Filip Dewinter, las relaciones interparlamentarias entre Siria y B\u00e9lgica. Dewinter ratific\u00f3 que la delegaci\u00f3n trabajar\u00e1 para reanudar las relaciones diplom\u00e1ticas con Siria y poner fin al embargo econ\u00f3mico impuesto sobre la &hellip;<\/p>\n","protected":false},"author":24,"featured_media":20088,"comment_status":"closed","ping_status":"closed","sticky":false,"template":"","format":"standard","meta":{"footnotes":""},"categories":[477,597,476,576],"tags":[4544],"class_list":["post-20087","post","type-post","status-publish","format-standard","has-post-thumbnail","","category-noticias-edulcorantes","category-cinta-de-noticias","category-locales","category-noticias-politicas","tag-un-ex-diputado-belga-el-presidente-al-assad-es-un-aliado-en-la-lucha-contra-el-terrorismo"],"_links":{"self":[{"href":"https:\/\/archive.sana.sy\/es\/index.php?rest_route=\/wp\/v2\/posts\/20087"}],"collection":[{"href":"https:\/\/archive.sana.sy\/es\/index.php?rest_route=\/wp\/v2\/posts"}],"about":[{"href":"https:\/\/archive.sana.sy\/es\/index.php?rest_route=\/wp\/v2\/types\/post"}],"author":[{"embeddable":true,"href":"https:\/\/archive.sana.sy\/es\/index.php?rest_route=\/wp\/v2\/users\/24"}],"replies":[{"embeddable":true,"href":"https:\/\/archive.sana.sy\/es\/index.php?rest_route=%2Fwp%2Fv2%2Fcomments&post=20087"}],"version-history":[{"count":0,"href":"https:\/\/archive.sana.sy\/es\/index.php?rest_route=\/wp\/v2\/posts\/20087\/revisions"}],"wp:featuredmedia":[{"embeddable":true,"href":"https:\/\/archive.sana.sy\/es\/index.php?rest_route=\/wp\/v2\/media\/20088"}],"wp:attachment":[{"href":"https:\/\/archive.sana.sy\/es\/index.php?rest_route=%2Fwp%2Fv2%2Fmedia&parent=20087"}],"wp:term":[{"taxonomy":"category","embeddable":true,"href":"https:\/\/archive.sana.sy\/es\/index.php?rest_route=%2Fwp%2Fv2%2Fcategories&post=20087"},{"taxonomy":"post_tag","embeddable":true,"href":"https:\/\/archive.sana.sy\/es\/index.php?rest_route=%2Fwp%2Fv2%2Ftags&post=20087"}],"curies":[{"name":"wp","href":"https:\/\/api.w.org\/{rel}","templated":true}]}}