{"id":200897,"date":"2021-10-11T22:09:33","date_gmt":"2021-10-11T19:09:33","guid":{"rendered":"http:\/\/107.6.182.27\/es\/?p=200897"},"modified":"2023-01-12T14:40:09","modified_gmt":"2023-01-12T12:40:09","slug":"aumentan-violencia-con-armas-de-fuego-contra-ninos-en-estados-unidos","status":"publish","type":"post","link":"https:\/\/archive.sana.sy\/es\/?p=200897","title":{"rendered":"Aumenta violencia con armas de fuego contra ni\u00f1os en Estados Unidos"},"content":{"rendered":"<p><span style=\"color: #800000;\"><strong>Washington, 11 oct (SANA)\u00a0\u00a0<\/strong><\/span> Un sitio web estadounidense revel\u00f3 una escalada de violencia armada contra ni\u00f1os y adolescentes en Estados Unidos en los \u00faltimos a\u00f1os, especialmente en el actual a\u00f1o.<\/p>\n<p>La agencia Associated Press cit\u00f3 el sitio web &#8220;Archives of Armed Violence&#8221;, que monitorea y rastrea los tiroteos de m\u00e1s de 7.500 fuentes policiales, medios de comunicaci\u00f3n, fuentes gubernamentales y comerciales, que el n\u00famero de tiroteos aument\u00f3 a 1.375 en 2020, pero este a\u00f1o est\u00e1 en camino de ser peor.<\/p>\n<p>Hasta la fecha, los tiroteos se han cobrado la vida de 1.179 j\u00f3venes y han herido a otros 3.292.<\/p>\n<p>El FBI public\u00f3 un informe el 28 de septiembre que muestra que los asesinatos en Estados Unidos aumentaron en casi 30 por ciento en 2020.<\/p>\n<p>Los incidentes de disparos son comunes en Estados Unidos con la propagaci\u00f3n de la cultura de la violencia en la sociedad estadounidense.<\/p>\n<p>fm<\/p>\n","protected":false},"excerpt":{"rendered":"<p>Washington, 11 oct (SANA)\u00a0\u00a0 Un sitio web estadounidense revel\u00f3 una escalada de violencia armada contra ni\u00f1os y adolescentes en Estados Unidos en los \u00faltimos a\u00f1os, especialmente en el actual a\u00f1o. La agencia Associated Press cit\u00f3 el sitio web &#8220;Archives of Armed Violence&#8221;, que monitorea y rastrea los tiroteos de m\u00e1s de 7.500 fuentes policiales, medios &hellip;<\/p>\n","protected":false},"author":34,"featured_media":200898,"comment_status":"closed","ping_status":"closed","sticky":false,"template":"","format":"standard","meta":{"footnotes":""},"categories":[456],"tags":[],"class_list":["post-200897","post","type-post","status-publish","format-standard","has-post-thumbnail","","category-arabe-internacional-politica"],"_links":{"self":[{"href":"https:\/\/archive.sana.sy\/es\/index.php?rest_route=\/wp\/v2\/posts\/200897"}],"collection":[{"href":"https:\/\/archive.sana.sy\/es\/index.php?rest_route=\/wp\/v2\/posts"}],"about":[{"href":"https:\/\/archive.sana.sy\/es\/index.php?rest_route=\/wp\/v2\/types\/post"}],"author":[{"embeddable":true,"href":"https:\/\/archive.sana.sy\/es\/index.php?rest_route=\/wp\/v2\/users\/34"}],"replies":[{"embeddable":true,"href":"https:\/\/archive.sana.sy\/es\/index.php?rest_route=%2Fwp%2Fv2%2Fcomments&post=200897"}],"version-history":[{"count":0,"href":"https:\/\/archive.sana.sy\/es\/index.php?rest_route=\/wp\/v2\/posts\/200897\/revisions"}],"wp:featuredmedia":[{"embeddable":true,"href":"https:\/\/archive.sana.sy\/es\/index.php?rest_route=\/wp\/v2\/media\/200898"}],"wp:attachment":[{"href":"https:\/\/archive.sana.sy\/es\/index.php?rest_route=%2Fwp%2Fv2%2Fmedia&parent=200897"}],"wp:term":[{"taxonomy":"category","embeddable":true,"href":"https:\/\/archive.sana.sy\/es\/index.php?rest_route=%2Fwp%2Fv2%2Fcategories&post=200897"},{"taxonomy":"post_tag","embeddable":true,"href":"https:\/\/archive.sana.sy\/es\/index.php?rest_route=%2Fwp%2Fv2%2Ftags&post=200897"}],"curies":[{"name":"wp","href":"https:\/\/api.w.org\/{rel}","templated":true}]}}