{"id":200901,"date":"2021-10-12T06:41:44","date_gmt":"2021-10-12T03:41:44","guid":{"rendered":"http:\/\/107.6.182.27\/es\/?p=200901"},"modified":"2023-01-10T14:25:24","modified_gmt":"2023-01-10T12:25:24","slug":"nueve-ataques-fueron-perpetrados-por-los-terroristas-en-idlib-en-menos-de-24-horas","status":"publish","type":"post","link":"https:\/\/archive.sana.sy\/es\/?p=200901","title":{"rendered":"Nueve ataques fueron perpetrados por los terroristas en Idlib en menos de 24 horas"},"content":{"rendered":"<p style=\"text-align: justify;\"><span style=\"color: #800000;\"><strong>Mosc\u00fa, 12 oct (SANA)<\/strong>\u00a0<\/span> \u00a0 Las organizaciones terroristas en la Zona de Desescalada en la provincia siria de Idlib y sus alrededores, llevaron a cabo nueve ataques durante las \u00faltimas 24 horas, anunci\u00f3 el Ministerio de Defensa ruso.<\/p>\n<p style=\"text-align: justify;\">Seg\u00fan detall\u00f3 un comunicado del Centro de Coordinaci\u00f3n Ruso con sede en la base de Hemeimim en la provincia de Latakia, se monitorearon nueve acciones hostiles desde las \u00e1reas donde est\u00e1n desplegadas las organizaciones terroristas de Frente Al-Nousra (tres en Latakia, dos en Hama, una en Idlib y tres en Alepo).<\/p>\n<p style=\"text-align: justify;\">El domingo \u00faltimo, el Ministerio de Defensa ruso anunci\u00f3 que los terroristas perpetraron cinco agresiones mientras alert\u00f3 en comunicados anteriores que los radicales planean lanzar un ataque qu\u00edmico contra las localidades de Kansafra y Qadura en Idlib, para acusar al Ej\u00e9rcito \u00c1rabe Sirio.<\/p>\n<p style=\"text-align: justify;\">fm<\/p>\n","protected":false},"excerpt":{"rendered":"<p>Mosc\u00fa, 12 oct (SANA)\u00a0 \u00a0 Las organizaciones terroristas en la Zona de Desescalada en la provincia siria de Idlib y sus alrededores, llevaron a cabo nueve ataques durante las \u00faltimas 24 horas, anunci\u00f3 el Ministerio de Defensa ruso. Seg\u00fan detall\u00f3 un comunicado del Centro de Coordinaci\u00f3n Ruso con sede en la base de Hemeimim en &hellip;<\/p>\n","protected":false},"author":34,"featured_media":200902,"comment_status":"closed","ping_status":"closed","sticky":false,"template":"","format":"standard","meta":{"footnotes":""},"categories":[447,597,573,457,7541],"tags":[],"class_list":["post-200901","post","type-post","status-publish","format-standard","has-post-thumbnail","","category-local-politica","category-cinta-de-noticias","category-la-realidad-de-los-acontecimientos-en-siria","category-noticias-arabe-internacional-politica","category-ultimas-noticias"],"_links":{"self":[{"href":"https:\/\/archive.sana.sy\/es\/index.php?rest_route=\/wp\/v2\/posts\/200901"}],"collection":[{"href":"https:\/\/archive.sana.sy\/es\/index.php?rest_route=\/wp\/v2\/posts"}],"about":[{"href":"https:\/\/archive.sana.sy\/es\/index.php?rest_route=\/wp\/v2\/types\/post"}],"author":[{"embeddable":true,"href":"https:\/\/archive.sana.sy\/es\/index.php?rest_route=\/wp\/v2\/users\/34"}],"replies":[{"embeddable":true,"href":"https:\/\/archive.sana.sy\/es\/index.php?rest_route=%2Fwp%2Fv2%2Fcomments&post=200901"}],"version-history":[{"count":0,"href":"https:\/\/archive.sana.sy\/es\/index.php?rest_route=\/wp\/v2\/posts\/200901\/revisions"}],"wp:featuredmedia":[{"embeddable":true,"href":"https:\/\/archive.sana.sy\/es\/index.php?rest_route=\/wp\/v2\/media\/200902"}],"wp:attachment":[{"href":"https:\/\/archive.sana.sy\/es\/index.php?rest_route=%2Fwp%2Fv2%2Fmedia&parent=200901"}],"wp:term":[{"taxonomy":"category","embeddable":true,"href":"https:\/\/archive.sana.sy\/es\/index.php?rest_route=%2Fwp%2Fv2%2Fcategories&post=200901"},{"taxonomy":"post_tag","embeddable":true,"href":"https:\/\/archive.sana.sy\/es\/index.php?rest_route=%2Fwp%2Fv2%2Ftags&post=200901"}],"curies":[{"name":"wp","href":"https:\/\/api.w.org\/{rel}","templated":true}]}}