{"id":200904,"date":"2021-10-12T06:57:06","date_gmt":"2021-10-12T03:57:06","guid":{"rendered":"http:\/\/107.6.182.27\/es\/?p=200904"},"modified":"2023-01-10T14:25:24","modified_gmt":"2023-01-10T12:25:24","slug":"cancilleres-de-siria-y-angola-abordan-coordinacion-de-posiciones-en-foros-multilaterales-internacionales","status":"publish","type":"post","link":"https:\/\/archive.sana.sy\/es\/?p=200904","title":{"rendered":"Siria y Angola abordan coordinaci\u00f3n en foros internacionales"},"content":{"rendered":"<p style=\"text-align: justify;\"><span style=\"color: #800000;\"><strong>Belgrado, 12 oct (SANA)\u00a0\u00a0<\/strong> <\/span>\u00a0El Ministro de Exteriores y Expatriados, Faisal al-Mekad, se reuni\u00f3 con su hom\u00f3logo Angola, Titi Antonio, al margen de la reuni\u00f3n de alto nivel celebrada con motivo del sexag\u00e9simo aniversario de la fundaci\u00f3n del Movimientos de Pa\u00edses No Alineados (MNOAL).<\/p>\n<p style=\"text-align: justify;\"><img loading=\"lazy\" decoding=\"async\" class=\"size-medium wp-image-200906 alignleft\" src=\"http:\/\/107.6.182.27\/es\/wp-content\/uploads\/2021\/10\/photo_2021-10-11_21-59-15-scaled-1-300x156.jpg\" alt=\"\" width=\"300\" height=\"156\" srcset=\"https:\/\/archive.sana.sy\/es\/wp-content\/uploads\/2021\/10\/photo_2021-10-11_21-59-15-scaled-1-300x156.jpg 300w, https:\/\/archive.sana.sy\/es\/wp-content\/uploads\/2021\/10\/photo_2021-10-11_21-59-15-scaled-1-1024x531.jpg 1024w, https:\/\/archive.sana.sy\/es\/wp-content\/uploads\/2021\/10\/photo_2021-10-11_21-59-15-scaled-1-150x78.jpg 150w, https:\/\/archive.sana.sy\/es\/wp-content\/uploads\/2021\/10\/photo_2021-10-11_21-59-15-scaled-1-768x398.jpg 768w, https:\/\/archive.sana.sy\/es\/wp-content\/uploads\/2021\/10\/photo_2021-10-11_21-59-15-scaled-1-1536x796.jpg 1536w, https:\/\/archive.sana.sy\/es\/wp-content\/uploads\/2021\/10\/photo_2021-10-11_21-59-15-scaled-1-2048x1062.jpg 2048w\" sizes=\"(max-width: 300px) 100vw, 300px\" \/>Durante el encuentro, se discutieron las formas de consolidar los lazos de solidaridad entre los pa\u00edses del (MNOAL) y c\u00f3mo desarrollar y fortalecer las relaciones bilaterales y coordinar posiciones en foros multilaterales internacionales.<\/p>\n<p style=\"text-align: justify;\">El ministro angole\u00f1o expres\u00f3 la solidaridad de su pa\u00eds con Siria en su lucha contra el terrorismo y expres\u00f3 su profunda preocupaci\u00f3n por la propagaci\u00f3n del terrorismo en el continente africano.<\/p>\n<p style=\"text-align: justify;\">Por su parte, el ministro al-Mekdad destac\u00f3 la necesidad de fortalecer la cooperaci\u00f3n entre los dos pa\u00edses amigos en todos los campos por el bien de los intereses de sus pueblos.<\/p>\n<p style=\"text-align: justify;\">fm<\/p>\n","protected":false},"excerpt":{"rendered":"<p>Belgrado, 12 oct (SANA)\u00a0\u00a0 \u00a0El Ministro de Exteriores y Expatriados, Faisal al-Mekad, se reuni\u00f3 con su hom\u00f3logo Angola, Titi Antonio, al margen de la reuni\u00f3n de alto nivel celebrada con motivo del sexag\u00e9simo aniversario de la fundaci\u00f3n del Movimientos de Pa\u00edses No Alineados (MNOAL). Durante el encuentro, se discutieron las formas de consolidar los lazos &hellip;<\/p>\n","protected":false},"author":34,"featured_media":200905,"comment_status":"closed","ping_status":"closed","sticky":false,"template":"","format":"standard","meta":{"footnotes":""},"categories":[447,597,476,467,7541],"tags":[],"class_list":["post-200904","post","type-post","status-publish","format-standard","has-post-thumbnail","","category-local-politica","category-cinta-de-noticias","category-locales","category-siria-y-el-mundo","category-ultimas-noticias"],"_links":{"self":[{"href":"https:\/\/archive.sana.sy\/es\/index.php?rest_route=\/wp\/v2\/posts\/200904"}],"collection":[{"href":"https:\/\/archive.sana.sy\/es\/index.php?rest_route=\/wp\/v2\/posts"}],"about":[{"href":"https:\/\/archive.sana.sy\/es\/index.php?rest_route=\/wp\/v2\/types\/post"}],"author":[{"embeddable":true,"href":"https:\/\/archive.sana.sy\/es\/index.php?rest_route=\/wp\/v2\/users\/34"}],"replies":[{"embeddable":true,"href":"https:\/\/archive.sana.sy\/es\/index.php?rest_route=%2Fwp%2Fv2%2Fcomments&post=200904"}],"version-history":[{"count":0,"href":"https:\/\/archive.sana.sy\/es\/index.php?rest_route=\/wp\/v2\/posts\/200904\/revisions"}],"wp:featuredmedia":[{"embeddable":true,"href":"https:\/\/archive.sana.sy\/es\/index.php?rest_route=\/wp\/v2\/media\/200905"}],"wp:attachment":[{"href":"https:\/\/archive.sana.sy\/es\/index.php?rest_route=%2Fwp%2Fv2%2Fmedia&parent=200904"}],"wp:term":[{"taxonomy":"category","embeddable":true,"href":"https:\/\/archive.sana.sy\/es\/index.php?rest_route=%2Fwp%2Fv2%2Fcategories&post=200904"},{"taxonomy":"post_tag","embeddable":true,"href":"https:\/\/archive.sana.sy\/es\/index.php?rest_route=%2Fwp%2Fv2%2Ftags&post=200904"}],"curies":[{"name":"wp","href":"https:\/\/api.w.org\/{rel}","templated":true}]}}