{"id":200930,"date":"2021-10-12T09:02:46","date_gmt":"2021-10-12T06:02:46","guid":{"rendered":"http:\/\/107.6.182.27\/es\/?p=200930"},"modified":"2023-01-10T15:33:10","modified_gmt":"2023-01-10T13:33:10","slug":"titulares-de-la-agencia-sana-12-de-octubre-2021","status":"publish","type":"post","link":"https:\/\/archive.sana.sy\/es\/?p=200930","title":{"rendered":"Titulares de la agencia SANA, 12 de octubre 2021"},"content":{"rendered":"<p><span style=\"color: #800000;\"><strong>Damasco, 12 de oct (SANA)<\/strong><\/span><\/p>\n<p>????M\u00e1s armados deponen sus armas y se entregan al ej\u00e9rcito en Saida\/Deraa.<\/p>\n<p>????Siria condena declaraciones del primer ministro israel\u00ed sobre aumento del n\u00famero de colonos en el Gol\u00e1n ocupado.<\/p>\n<p>????Intensas reuniones de al-Mekdad con jefes de delegaciones en la reuni\u00f3n del MNOAL.<\/p>\n<p>????Turqu\u00eda bombardea el territorio sirio con 60 proyectiles de artiller\u00eda.<\/p>\n<p>????Joven sirio busca batir nuevo r\u00e9cord en el Libro Guinness.<\/p>\n<p>????Protestan golaneses sirios contra nuevos planes coloniales de Israel.<\/p>\n<p>????Atacan cuartel general de una milicia aliada de EEUU en Tal Hamis\/Hasakeh.<\/p>\n<p>????Siria participa en la reuni\u00f3n de alto nivel del Movimiento de Pa\u00edses No Alineados en Belgrado.<\/p>\n<p>????Levantador de pesas sirio ocupa el cuarto puesto en el Campeonato Mundial de Halterofilia.<\/p>\n<p>????Siria denuncia ante el MNOAL la ocupaci\u00f3n, agresi\u00f3n y terrorismo estadounidense, turco e israel\u00ed.<\/p>\n<p>????Explosi\u00f3n de coche bomba en la ocupada ciudad siria de Afr\u00edn mata a una persona e hiere a otras.<\/p>\n<p>????Milicia proestadounidense secuestr\u00f3 varios civiles en Deir Ezzor.<\/p>\n<p>????Nueve ataques fueron perpetrados por los terroristas en Idlib en menos de 24 horas.<\/p>\n<p>????Siria y L\u00edbano subrayan importancia de crear conciencia para afrontar los desaf\u00edos comunes.<\/p>\n<p>????Actividades recreativas para los ni\u00f1os con c\u00e1ncer en Siria.<\/p>\n<p>????El hist\u00f3rico mercado de especias en Damasco (+ fotos).<\/p>\n<p>????M\u00e9dicos de Siria celebran su quinta Conferencia en Alepo.<\/p>\n<p>????Siria y Angola abordan coordinaci\u00f3n en foros internacionales.<\/p>\n<p>????Inauguran nueva escuela al sur de Damasco con capacidad de 600 alumnos (+ fotos).<\/p>\n<p>????Actualizaci\u00f3n de la cifras de la Covid-19 en Siria.<\/p>\n<p>????Aumenta violencia con armas de fuego contra ni\u00f1os en Estados Unidos.<\/p>\n","protected":false},"excerpt":{"rendered":"<p>Damasco, 12 de oct (SANA) ????M\u00e1s armados deponen sus armas y se entregan al ej\u00e9rcito en Saida\/Deraa. ????Siria condena declaraciones del primer ministro israel\u00ed sobre aumento del n\u00famero de colonos en el Gol\u00e1n ocupado. ????Intensas reuniones de al-Mekdad con jefes de delegaciones en la reuni\u00f3n del MNOAL. ????Turqu\u00eda bombardea el territorio sirio con 60 proyectiles &hellip;<\/p>\n","protected":false},"author":35,"featured_media":200931,"comment_status":"closed","ping_status":"closed","sticky":false,"template":"","format":"standard","meta":{"footnotes":""},"categories":[447,555,597,476],"tags":[],"class_list":["post-200930","post","type-post","status-publish","format-standard","has-post-thumbnail","","category-local-politica","category-prensa","category-cinta-de-noticias","category-locales"],"_links":{"self":[{"href":"https:\/\/archive.sana.sy\/es\/index.php?rest_route=\/wp\/v2\/posts\/200930"}],"collection":[{"href":"https:\/\/archive.sana.sy\/es\/index.php?rest_route=\/wp\/v2\/posts"}],"about":[{"href":"https:\/\/archive.sana.sy\/es\/index.php?rest_route=\/wp\/v2\/types\/post"}],"author":[{"embeddable":true,"href":"https:\/\/archive.sana.sy\/es\/index.php?rest_route=\/wp\/v2\/users\/35"}],"replies":[{"embeddable":true,"href":"https:\/\/archive.sana.sy\/es\/index.php?rest_route=%2Fwp%2Fv2%2Fcomments&post=200930"}],"version-history":[{"count":0,"href":"https:\/\/archive.sana.sy\/es\/index.php?rest_route=\/wp\/v2\/posts\/200930\/revisions"}],"wp:featuredmedia":[{"embeddable":true,"href":"https:\/\/archive.sana.sy\/es\/index.php?rest_route=\/wp\/v2\/media\/200931"}],"wp:attachment":[{"href":"https:\/\/archive.sana.sy\/es\/index.php?rest_route=%2Fwp%2Fv2%2Fmedia&parent=200930"}],"wp:term":[{"taxonomy":"category","embeddable":true,"href":"https:\/\/archive.sana.sy\/es\/index.php?rest_route=%2Fwp%2Fv2%2Fcategories&post=200930"},{"taxonomy":"post_tag","embeddable":true,"href":"https:\/\/archive.sana.sy\/es\/index.php?rest_route=%2Fwp%2Fv2%2Ftags&post=200930"}],"curies":[{"name":"wp","href":"https:\/\/api.w.org\/{rel}","templated":true}]}}