{"id":200945,"date":"2021-10-12T10:34:31","date_gmt":"2021-10-12T07:34:31","guid":{"rendered":"http:\/\/107.6.182.27\/es\/?p=200945"},"modified":"2023-01-10T14:25:23","modified_gmt":"2023-01-10T12:25:23","slug":"siria-condena-sanciones-de-la-ue-contra-el-centro-sirio-de-estudios-e-investigaciones-cientificas","status":"publish","type":"post","link":"https:\/\/archive.sana.sy\/es\/?p=200945","title":{"rendered":"Siria condena sanciones de la UE contra el Centro sirio de Estudios e Investigaciones Cient\u00edficas"},"content":{"rendered":"<p style=\"text-align: justify;\"><strong><span style=\"color: #800000;\">Damasco, 12 oct (SANA)<\/span> <\/strong>Siria conden\u00f3 en\u00e9rgicamente la decisi\u00f3n injusta de la Uni\u00f3n Europea de prorrogar las medidas coercitivas ilegales impuestas al Centro de Estudios e Investigaciones Cient\u00edficas de Siria y a algunos de sus empleados.<\/p>\n<p style=\"text-align: justify;\">Estas medidas se dan en el contexto de las acciones hostiles sistem\u00e1ticas contra Siria, y carecen del m\u00e1s m\u00ednimo grado de objetividad y credibilidad, especialmente despu\u00e9s de las mentiras lanzadas por pa\u00edses hostiles a Siria y sus continuos intentos de politizar la labor de la Organizaci\u00f3n para la Prohibici\u00f3n de Armas Qu\u00edmicas (OPAQ), afirm\u00f3 el Ministerio de Exteriores y Expatriados por medio de un comunicado.<\/p>\n<p style=\"text-align: justify;\">La nota se\u00f1al\u00f3 que Siria confirma una vez m\u00e1s que los intentos desesperados de seguir atacando a Siria fracasar\u00e1n y s\u00f3lo aumentar\u00e1n la insistencia de Damasco de continuar defendiendo su soberan\u00eda e intereses e impedir cualquier injerencia en sus asuntos.<\/p>\n<p style=\"text-align: justify;\">Canciller\u00eda asegur\u00f3 que la instituci\u00f3n de la Uni\u00f3n Europea, que acept\u00f3 ser una herramienta para implementar las pol\u00edticas de los enemigos de Siria, demuestra una vez m\u00e1s que ha perdido el nivel m\u00ednimo de independencia de decisi\u00f3n y no est\u00e1 calificada para desempe\u00f1ar ning\u00fan papel positivo en la arena internacional.<\/p>\n<p style=\"text-align: justify;\"><span style=\"color: #0000ff;\"><strong>fm\/ws<\/strong><\/span><\/p>\n","protected":false},"excerpt":{"rendered":"<p>Damasco, 12 oct (SANA) Siria conden\u00f3 en\u00e9rgicamente la decisi\u00f3n injusta de la Uni\u00f3n Europea de prorrogar las medidas coercitivas ilegales impuestas al Centro de Estudios e Investigaciones Cient\u00edficas de Siria y a algunos de sus empleados. Estas medidas se dan en el contexto de las acciones hostiles sistem\u00e1ticas contra Siria, y carecen del m\u00e1s m\u00ednimo &hellip;<\/p>\n","protected":false},"author":35,"featured_media":200954,"comment_status":"closed","ping_status":"closed","sticky":false,"template":"","format":"standard","meta":{"footnotes":""},"categories":[477,447,597,476,583],"tags":[],"class_list":["post-200945","post","type-post","status-publish","format-standard","has-post-thumbnail","","category-noticias-edulcorantes","category-local-politica","category-cinta-de-noticias","category-locales","category-slide"],"_links":{"self":[{"href":"https:\/\/archive.sana.sy\/es\/index.php?rest_route=\/wp\/v2\/posts\/200945"}],"collection":[{"href":"https:\/\/archive.sana.sy\/es\/index.php?rest_route=\/wp\/v2\/posts"}],"about":[{"href":"https:\/\/archive.sana.sy\/es\/index.php?rest_route=\/wp\/v2\/types\/post"}],"author":[{"embeddable":true,"href":"https:\/\/archive.sana.sy\/es\/index.php?rest_route=\/wp\/v2\/users\/35"}],"replies":[{"embeddable":true,"href":"https:\/\/archive.sana.sy\/es\/index.php?rest_route=%2Fwp%2Fv2%2Fcomments&post=200945"}],"version-history":[{"count":0,"href":"https:\/\/archive.sana.sy\/es\/index.php?rest_route=\/wp\/v2\/posts\/200945\/revisions"}],"wp:featuredmedia":[{"embeddable":true,"href":"https:\/\/archive.sana.sy\/es\/index.php?rest_route=\/wp\/v2\/media\/200954"}],"wp:attachment":[{"href":"https:\/\/archive.sana.sy\/es\/index.php?rest_route=%2Fwp%2Fv2%2Fmedia&parent=200945"}],"wp:term":[{"taxonomy":"category","embeddable":true,"href":"https:\/\/archive.sana.sy\/es\/index.php?rest_route=%2Fwp%2Fv2%2Fcategories&post=200945"},{"taxonomy":"post_tag","embeddable":true,"href":"https:\/\/archive.sana.sy\/es\/index.php?rest_route=%2Fwp%2Fv2%2Ftags&post=200945"}],"curies":[{"name":"wp","href":"https:\/\/api.w.org\/{rel}","templated":true}]}}