{"id":200996,"date":"2021-10-12T15:18:56","date_gmt":"2021-10-12T12:18:56","guid":{"rendered":"http:\/\/107.6.182.27\/es\/?p=200996"},"modified":"2023-01-12T14:40:09","modified_gmt":"2023-01-12T12:40:09","slug":"nuevos-ejercicios-de-la-guardia-revolucionaria-en-el-centro-de-iran-fotos","status":"publish","type":"post","link":"https:\/\/archive.sana.sy\/es\/?p=200996","title":{"rendered":"Nuevos ejercicios de la Guardia Revolucionaria en el centro de Ir\u00e1n (+ fotos)"},"content":{"rendered":"<p style=\"text-align: justify;\"><span style=\"color: #800000;\"><strong>Teher\u00e1n, 12 oct (SANA)\u00a0<\/strong><\/span>\u00a0\u00a0 Las fuerzas iran\u00edes iniciaron las maniobras \u201cDefensores del cielo de Wilayat 1400\u201d con la participaci\u00f3n de unidades de \u00e9lite de la Fuerza de Defensa A\u00e9rea, la Fuerza A\u00e9rea del Ej\u00e9rcito y la Fuerza Aeroespacial de la Guardia Revolucionaria en una regi\u00f3n des\u00e9rtica central del pa\u00eds.<\/p>\n<p style=\"text-align: justify;\">El comandante del Cuartel General de Defensa A\u00e9rea Conjunta de Khatam al-Anbiya en la Rep\u00fablica Isl\u00e1mica de Ir\u00e1n, el general Qader Rahimzadeh, dijo: &#8220;Estas maniobras se est\u00e1n llevando a cabo con el objetivo de mejorar la preparaci\u00f3n de las unidades, mejorar la capacidad de disuasi\u00f3n y evaluar los sistemas nacionales de defensa a\u00e9rea para enfrentar las diversas amenazas y la guerra electr\u00f3nica y cibern\u00e9tica&#8221;.<\/p>\n<p style=\"text-align: justify;\">Rahimzadeh tambi\u00e9n enfatiz\u00f3 que uno de los objetivos de estas maniobras es elevar el nivel de conocimiento y habilidad de los cuadros operativos y t\u00e9cnicos, la informaci\u00f3n de la inteligencia, y la cooperaci\u00f3n y coordinaci\u00f3n entre los centros de comando y control del Ej\u00e9rcito y la Guardia Revolucionaria dentro el marco de la red integral de defensa a\u00e9rea del pa\u00eds.<\/p>\n<p style=\"text-align: justify;\">Durante las maniobras, los supuestos objetivos hostiles de altitud media fueron derribados por misiles disparados desde el sistema &#8220;Khordad III&#8221; de la Fuerza Aeroespacial de la Guardia Revolucionaria y el sistema &#8220;Khordad XV&#8221; de la fuerza de defensa a\u00e9rea del ej\u00e9rcito iran\u00ed.<\/p>\n<div id='gallery-1' class='gallery galleryid-200996 gallery-columns-1 gallery-size-full'><figure class='gallery-item'>\n\t\t\t<div class='gallery-icon landscape'>\n\t\t\t\t<a href='https:\/\/archive.sana.sy\/es\/wp-content\/uploads\/2021\/10\/13301828_xl.jpg'><img loading=\"lazy\" decoding=\"async\" width=\"880\" height=\"494\" src=\"https:\/\/archive.sana.sy\/es\/wp-content\/uploads\/2021\/10\/13301828_xl.jpg\" class=\"attachment-full size-full\" alt=\"\" srcset=\"https:\/\/archive.sana.sy\/es\/wp-content\/uploads\/2021\/10\/13301828_xl.jpg 880w, https:\/\/archive.sana.sy\/es\/wp-content\/uploads\/2021\/10\/13301828_xl-300x168.jpg 300w, https:\/\/archive.sana.sy\/es\/wp-content\/uploads\/2021\/10\/13301828_xl-150x84.jpg 150w, https:\/\/archive.sana.sy\/es\/wp-content\/uploads\/2021\/10\/13301828_xl-768x431.jpg 768w\" sizes=\"(max-width: 880px) 100vw, 880px\" \/><\/a>\n\t\t\t<\/div><\/figure><figure class='gallery-item'>\n\t\t\t<div class='gallery-icon landscape'>\n\t\t\t\t<a href='https:\/\/archive.sana.sy\/es\/wp-content\/uploads\/2021\/10\/05313138_xl.jpg'><img loading=\"lazy\" decoding=\"async\" width=\"880\" height=\"495\" src=\"https:\/\/archive.sana.sy\/es\/wp-content\/uploads\/2021\/10\/05313138_xl.jpg\" class=\"attachment-full size-full\" alt=\"\" srcset=\"https:\/\/archive.sana.sy\/es\/wp-content\/uploads\/2021\/10\/05313138_xl.jpg 880w, https:\/\/archive.sana.sy\/es\/wp-content\/uploads\/2021\/10\/05313138_xl-300x169.jpg 300w, https:\/\/archive.sana.sy\/es\/wp-content\/uploads\/2021\/10\/05313138_xl-150x84.jpg 150w, https:\/\/archive.sana.sy\/es\/wp-content\/uploads\/2021\/10\/05313138_xl-768x432.jpg 768w\" sizes=\"(max-width: 880px) 100vw, 880px\" \/><\/a>\n\t\t\t<\/div><\/figure><figure class='gallery-item'>\n\t\t\t<div class='gallery-icon landscape'>\n\t\t\t\t<a href='https:\/\/archive.sana.sy\/es\/wp-content\/uploads\/2021\/10\/14205449_xl.jpg'><img loading=\"lazy\" decoding=\"async\" width=\"880\" height=\"495\" src=\"https:\/\/archive.sana.sy\/es\/wp-content\/uploads\/2021\/10\/14205449_xl.jpg\" class=\"attachment-full size-full\" alt=\"\" srcset=\"https:\/\/archive.sana.sy\/es\/wp-content\/uploads\/2021\/10\/14205449_xl.jpg 880w, https:\/\/archive.sana.sy\/es\/wp-content\/uploads\/2021\/10\/14205449_xl-300x169.jpg 300w, https:\/\/archive.sana.sy\/es\/wp-content\/uploads\/2021\/10\/14205449_xl-150x84.jpg 150w, https:\/\/archive.sana.sy\/es\/wp-content\/uploads\/2021\/10\/14205449_xl-768x432.jpg 768w\" sizes=\"(max-width: 880px) 100vw, 880px\" \/><\/a>\n\t\t\t<\/div><\/figure><figure class='gallery-item'>\n\t\t\t<div class='gallery-icon landscape'>\n\t\t\t\t<a href='https:\/\/archive.sana.sy\/es\/wp-content\/uploads\/2021\/10\/08402242_xl.jpg'><img loading=\"lazy\" decoding=\"async\" width=\"880\" height=\"495\" src=\"https:\/\/archive.sana.sy\/es\/wp-content\/uploads\/2021\/10\/08402242_xl.jpg\" class=\"attachment-full size-full\" alt=\"\" srcset=\"https:\/\/archive.sana.sy\/es\/wp-content\/uploads\/2021\/10\/08402242_xl.jpg 880w, https:\/\/archive.sana.sy\/es\/wp-content\/uploads\/2021\/10\/08402242_xl-300x169.jpg 300w, https:\/\/archive.sana.sy\/es\/wp-content\/uploads\/2021\/10\/08402242_xl-150x84.jpg 150w, https:\/\/archive.sana.sy\/es\/wp-content\/uploads\/2021\/10\/08402242_xl-768x432.jpg 768w\" sizes=\"(max-width: 880px) 100vw, 880px\" \/><\/a>\n\t\t\t<\/div><\/figure>\n\t\t<\/div>\n\n<p style=\"text-align: justify;\">fm<\/p>\n","protected":false},"excerpt":{"rendered":"<p>Teher\u00e1n, 12 oct (SANA)\u00a0\u00a0\u00a0 Las fuerzas iran\u00edes iniciaron las maniobras \u201cDefensores del cielo de Wilayat 1400\u201d con la participaci\u00f3n de unidades de \u00e9lite de la Fuerza de Defensa A\u00e9rea, la Fuerza A\u00e9rea del Ej\u00e9rcito y la Fuerza Aeroespacial de la Guardia Revolucionaria en una regi\u00f3n des\u00e9rtica central del pa\u00eds. El comandante del Cuartel General de &hellip;<\/p>\n","protected":false},"author":34,"featured_media":201001,"comment_status":"closed","ping_status":"closed","sticky":false,"template":"","format":"standard","meta":{"footnotes":""},"categories":[597,456],"tags":[],"class_list":["post-200996","post","type-post","status-publish","format-standard","has-post-thumbnail","","category-cinta-de-noticias","category-arabe-internacional-politica"],"_links":{"self":[{"href":"https:\/\/archive.sana.sy\/es\/index.php?rest_route=\/wp\/v2\/posts\/200996"}],"collection":[{"href":"https:\/\/archive.sana.sy\/es\/index.php?rest_route=\/wp\/v2\/posts"}],"about":[{"href":"https:\/\/archive.sana.sy\/es\/index.php?rest_route=\/wp\/v2\/types\/post"}],"author":[{"embeddable":true,"href":"https:\/\/archive.sana.sy\/es\/index.php?rest_route=\/wp\/v2\/users\/34"}],"replies":[{"embeddable":true,"href":"https:\/\/archive.sana.sy\/es\/index.php?rest_route=%2Fwp%2Fv2%2Fcomments&post=200996"}],"version-history":[{"count":0,"href":"https:\/\/archive.sana.sy\/es\/index.php?rest_route=\/wp\/v2\/posts\/200996\/revisions"}],"wp:featuredmedia":[{"embeddable":true,"href":"https:\/\/archive.sana.sy\/es\/index.php?rest_route=\/wp\/v2\/media\/201001"}],"wp:attachment":[{"href":"https:\/\/archive.sana.sy\/es\/index.php?rest_route=%2Fwp%2Fv2%2Fmedia&parent=200996"}],"wp:term":[{"taxonomy":"category","embeddable":true,"href":"https:\/\/archive.sana.sy\/es\/index.php?rest_route=%2Fwp%2Fv2%2Fcategories&post=200996"},{"taxonomy":"post_tag","embeddable":true,"href":"https:\/\/archive.sana.sy\/es\/index.php?rest_route=%2Fwp%2Fv2%2Ftags&post=200996"}],"curies":[{"name":"wp","href":"https:\/\/api.w.org\/{rel}","templated":true}]}}