{"id":201046,"date":"2021-10-12T20:24:50","date_gmt":"2021-10-12T17:24:50","guid":{"rendered":"http:\/\/107.6.182.27\/es\/?p=201046"},"modified":"2023-01-12T14:40:08","modified_gmt":"2023-01-12T12:40:08","slug":"arrestan-a-10-personas-vinculadas-a-inteligencia-extranjera-en-iran","status":"publish","type":"post","link":"https:\/\/archive.sana.sy\/es\/?p=201046","title":{"rendered":"Arrestan a 10 personas vinculadas a inteligencia extranjera en Ir\u00e1n"},"content":{"rendered":"<p style=\"text-align: justify;\"><strong><span style=\"color: #800000;\">Teher\u00e1n, 12 oct (SANA)<\/span><\/strong> Agentes del Servicio de Seguridad iran\u00ed desmantelaron y arrestaron a diez personas en la provincia de Bushehr, en el sur de Ir\u00e1n, que estaban vinculadas a servicios de inteligencia extranjeros.<\/p>\n<p style=\"text-align: justify;\">La agencia de noticias iran\u00ed Fars cit\u00f3 hoy al ministerio diciendo que 10 personas vinculadas a servicios de inteligencia extranjeros fueron detenidas en la gobernaci\u00f3n de Bushehr.<\/p>\n<p style=\"text-align: justify;\">La fuente explic\u00f3 que los objetivos de los detenidos eran recopilar informaciones y espiar los centros sensibles del pa\u00eds.<\/p>\n<p><span style=\"color: #3366ff;\"><strong>mm<\/strong><\/span><\/p>\n","protected":false},"excerpt":{"rendered":"<p>Teher\u00e1n, 12 oct (SANA) Agentes del Servicio de Seguridad iran\u00ed desmantelaron y arrestaron a diez personas en la provincia de Bushehr, en el sur de Ir\u00e1n, que estaban vinculadas a servicios de inteligencia extranjeros. La agencia de noticias iran\u00ed Fars cit\u00f3 hoy al ministerio diciendo que 10 personas vinculadas a servicios de inteligencia extranjeros fueron &hellip;<\/p>\n","protected":false},"author":36,"featured_media":201048,"comment_status":"closed","ping_status":"closed","sticky":false,"template":"","format":"standard","meta":{"footnotes":""},"categories":[597,456,457],"tags":[],"class_list":["post-201046","post","type-post","status-publish","format-standard","has-post-thumbnail","","category-cinta-de-noticias","category-arabe-internacional-politica","category-noticias-arabe-internacional-politica"],"_links":{"self":[{"href":"https:\/\/archive.sana.sy\/es\/index.php?rest_route=\/wp\/v2\/posts\/201046"}],"collection":[{"href":"https:\/\/archive.sana.sy\/es\/index.php?rest_route=\/wp\/v2\/posts"}],"about":[{"href":"https:\/\/archive.sana.sy\/es\/index.php?rest_route=\/wp\/v2\/types\/post"}],"author":[{"embeddable":true,"href":"https:\/\/archive.sana.sy\/es\/index.php?rest_route=\/wp\/v2\/users\/36"}],"replies":[{"embeddable":true,"href":"https:\/\/archive.sana.sy\/es\/index.php?rest_route=%2Fwp%2Fv2%2Fcomments&post=201046"}],"version-history":[{"count":0,"href":"https:\/\/archive.sana.sy\/es\/index.php?rest_route=\/wp\/v2\/posts\/201046\/revisions"}],"wp:featuredmedia":[{"embeddable":true,"href":"https:\/\/archive.sana.sy\/es\/index.php?rest_route=\/wp\/v2\/media\/201048"}],"wp:attachment":[{"href":"https:\/\/archive.sana.sy\/es\/index.php?rest_route=%2Fwp%2Fv2%2Fmedia&parent=201046"}],"wp:term":[{"taxonomy":"category","embeddable":true,"href":"https:\/\/archive.sana.sy\/es\/index.php?rest_route=%2Fwp%2Fv2%2Fcategories&post=201046"},{"taxonomy":"post_tag","embeddable":true,"href":"https:\/\/archive.sana.sy\/es\/index.php?rest_route=%2Fwp%2Fv2%2Ftags&post=201046"}],"curies":[{"name":"wp","href":"https:\/\/api.w.org\/{rel}","templated":true}]}}