{"id":20105,"date":"2015-03-24T21:44:28","date_gmt":"2015-03-24T19:44:28","guid":{"rendered":"http:\/\/www.sana.sy\/es\/?p=20105"},"modified":"2015-03-24T21:44:28","modified_gmt":"2015-03-24T19:44:28","slug":"se-estrella-en-francia-avion-de-pasajeros-que-cubria-ruta-entre-barcelona-y-dusseldorf","status":"publish","type":"post","link":"https:\/\/archive.sana.sy\/es\/?p=20105","title":{"rendered":"Se estrella en Francia avi\u00f3n de pasajeros que cubr\u00eda ruta entre Barcelona y Dusseldorf"},"content":{"rendered":"<p style=\"text-align: justify\"><span style=\"color: #0000ff\">Paris-SANA<\/span><\/p>\n<p>El avi\u00f3n de pasajeros Airbus A320 se ha estrellado en el sur de Francia. La tragedia del vuelo 4U9525 ocurri\u00f3 en el departamento de Alpes de Alta Provenza. El avi\u00f3n siniestrado pertenece a la compa\u00f1\u00eda German Wings y cubr\u00eda la ruta de Barcelona a Dusseldorf .<\/p>\n<p><span style=\"color: #800000\">M.Miri<\/span><\/p>\n","protected":false},"excerpt":{"rendered":"<p>Paris-SANA El avi\u00f3n de pasajeros Airbus A320 se ha estrellado en el sur de Francia. La tragedia del vuelo 4U9525 ocurri\u00f3 en el departamento de Alpes de Alta Provenza. El avi\u00f3n siniestrado pertenece a la compa\u00f1\u00eda German Wings y cubr\u00eda la ruta de Barcelona a Dusseldorf . M.Miri<\/p>\n","protected":false},"author":1,"featured_media":20106,"comment_status":"closed","ping_status":"closed","sticky":false,"template":"","format":"standard","meta":{"footnotes":""},"categories":[1],"tags":[4549],"class_list":["post-20105","post","type-post","status-publish","format-standard","has-post-thumbnail","","category-news-not-sorted","tag-se-estrella-en-francia-avion-de-pasajeros-que-cubria-ruta-entre-barcelona-y-dusseldorf"],"_links":{"self":[{"href":"https:\/\/archive.sana.sy\/es\/index.php?rest_route=\/wp\/v2\/posts\/20105"}],"collection":[{"href":"https:\/\/archive.sana.sy\/es\/index.php?rest_route=\/wp\/v2\/posts"}],"about":[{"href":"https:\/\/archive.sana.sy\/es\/index.php?rest_route=\/wp\/v2\/types\/post"}],"author":[{"embeddable":true,"href":"https:\/\/archive.sana.sy\/es\/index.php?rest_route=\/wp\/v2\/users\/1"}],"replies":[{"embeddable":true,"href":"https:\/\/archive.sana.sy\/es\/index.php?rest_route=%2Fwp%2Fv2%2Fcomments&post=20105"}],"version-history":[{"count":0,"href":"https:\/\/archive.sana.sy\/es\/index.php?rest_route=\/wp\/v2\/posts\/20105\/revisions"}],"wp:featuredmedia":[{"embeddable":true,"href":"https:\/\/archive.sana.sy\/es\/index.php?rest_route=\/wp\/v2\/media\/20106"}],"wp:attachment":[{"href":"https:\/\/archive.sana.sy\/es\/index.php?rest_route=%2Fwp%2Fv2%2Fmedia&parent=20105"}],"wp:term":[{"taxonomy":"category","embeddable":true,"href":"https:\/\/archive.sana.sy\/es\/index.php?rest_route=%2Fwp%2Fv2%2Fcategories&post=20105"},{"taxonomy":"post_tag","embeddable":true,"href":"https:\/\/archive.sana.sy\/es\/index.php?rest_route=%2Fwp%2Fv2%2Ftags&post=20105"}],"curies":[{"name":"wp","href":"https:\/\/api.w.org\/{rel}","templated":true}]}}