{"id":201050,"date":"2021-10-12T20:26:41","date_gmt":"2021-10-12T17:26:41","guid":{"rendered":"http:\/\/107.6.182.27\/es\/?p=201050"},"modified":"2023-01-10T14:25:22","modified_gmt":"2023-01-10T12:25:22","slug":"siria-participa-en-la-segunda-reunion-del-grupo-de-amigos-en-defensa-de-la-carta-de-la-onu","status":"publish","type":"post","link":"https:\/\/archive.sana.sy\/es\/?p=201050","title":{"rendered":"Siria participa en la segunda Reuni\u00f3n del Grupo de Amigos en Defensa de la Carta de la ONU"},"content":{"rendered":"<p style=\"text-align: justify\"><span style=\"color: #800000\"><strong>Belgrado, 12 oct (SANA)-<\/strong><\/span> El Ministro de Relaciones Exteriores y Expatriados, Faisal al-Mekdad, se\u00f1al\u00f3 durante a la 2da. Reuni\u00f3n del Grupo de Amigos en Defensa de la Carta de las Naciones Unidas, en Belgrado, Serbia, el anhelo de este grupo de lograr un mundo mejor basado en la Carta de la ONU.<\/p>\n<p style=\"text-align: justify\">\u201cLo que necesitamos son debates generales sobre los retos que enfrentamos ahora debido a las malinterpretaciones de la Carta de las Naciones Unidas o debido a las pol\u00edticas de algunos pa\u00edses para dominar los recursos del mundo e ignorar los derechos de los pueblos con el fin de proteger a sus propios intereses\u201d, destac\u00f3<\/p>\n<p style=\"text-align: justify\">Critic\u00f3 que la Carta se enfrenta a una gran distorsi\u00f3n.<\/p>\n<p style=\"text-align: justify\">Asimismo a\u00f1adi\u00f3 que algunos pa\u00edses afirman que apoderarse de las tierras de otros estados se trata de un acto de autodefensa, aunque la Carta de Naciones Unidas es clara al respecto y rechaza esta interpretaci\u00f3n.<\/p>\n<p style=\"text-align: justify\">\u201cAlgunos estados afirman tambi\u00e9n que las medidas coercitivas unilaterales son un derecho suyo, mientras que la Carta se contradice con estas alegaciones\u201d, asever\u00f3<\/p>\n<p style=\"text-align: justify\">Enfatiz\u00f3 que el objetivo de este grupo es defender la Carta de la ONU y proteger a esta organizaci\u00f3n internacional de las intenciones occidentales que buscan que la misma sean una herramienta en su mano para reprimir los anhelos de los pa\u00edses de lograr el desarrollo y de preservar su soberan\u00eda e independencia.<\/p>\n<p style=\"text-align: justify\">la<\/p>\n","protected":false},"excerpt":{"rendered":"<p>Belgrado, 12 oct (SANA)- El Ministro de Relaciones Exteriores y Expatriados, Faisal al-Mekdad, se\u00f1al\u00f3 durante a la 2da. Reuni\u00f3n del Grupo de Amigos en Defensa de la Carta de las Naciones Unidas, en Belgrado, Serbia, el anhelo de este grupo de lograr un mundo mejor basado en la Carta de la ONU. \u201cLo que necesitamos &hellip;<\/p>\n","protected":false},"author":24,"featured_media":201051,"comment_status":"closed","ping_status":"closed","sticky":false,"template":"","format":"standard","meta":{"footnotes":""},"categories":[447,597,467,583],"tags":[],"class_list":["post-201050","post","type-post","status-publish","format-standard","has-post-thumbnail","","category-local-politica","category-cinta-de-noticias","category-siria-y-el-mundo","category-slide"],"_links":{"self":[{"href":"https:\/\/archive.sana.sy\/es\/index.php?rest_route=\/wp\/v2\/posts\/201050"}],"collection":[{"href":"https:\/\/archive.sana.sy\/es\/index.php?rest_route=\/wp\/v2\/posts"}],"about":[{"href":"https:\/\/archive.sana.sy\/es\/index.php?rest_route=\/wp\/v2\/types\/post"}],"author":[{"embeddable":true,"href":"https:\/\/archive.sana.sy\/es\/index.php?rest_route=\/wp\/v2\/users\/24"}],"replies":[{"embeddable":true,"href":"https:\/\/archive.sana.sy\/es\/index.php?rest_route=%2Fwp%2Fv2%2Fcomments&post=201050"}],"version-history":[{"count":0,"href":"https:\/\/archive.sana.sy\/es\/index.php?rest_route=\/wp\/v2\/posts\/201050\/revisions"}],"wp:featuredmedia":[{"embeddable":true,"href":"https:\/\/archive.sana.sy\/es\/index.php?rest_route=\/wp\/v2\/media\/201051"}],"wp:attachment":[{"href":"https:\/\/archive.sana.sy\/es\/index.php?rest_route=%2Fwp%2Fv2%2Fmedia&parent=201050"}],"wp:term":[{"taxonomy":"category","embeddable":true,"href":"https:\/\/archive.sana.sy\/es\/index.php?rest_route=%2Fwp%2Fv2%2Fcategories&post=201050"},{"taxonomy":"post_tag","embeddable":true,"href":"https:\/\/archive.sana.sy\/es\/index.php?rest_route=%2Fwp%2Fv2%2Ftags&post=201050"}],"curies":[{"name":"wp","href":"https:\/\/api.w.org\/{rel}","templated":true}]}}