{"id":201056,"date":"2021-10-12T20:53:14","date_gmt":"2021-10-12T17:53:14","guid":{"rendered":"http:\/\/107.6.182.27\/es\/?p=201056"},"modified":"2021-10-12T20:53:14","modified_gmt":"2021-10-12T17:53:14","slug":"al-mekdad-siria-dispuesta-a-ayudar-a-libano-a-superar-sus-desafios","status":"publish","type":"post","link":"https:\/\/archive.sana.sy\/es\/?p=201056","title":{"rendered":"Al Mekdad: Siria dispuesta a ayudar a L\u00edbano a superar sus desaf\u00edos"},"content":{"rendered":"<p style=\"text-align: justify;\"><strong><span style=\"color: #800000;\">Belgrado, 12 oct (SANA) <\/span><\/strong>El Ministro de Relaciones Exteriores y Expatriados, Faisal al-Mekdad, y ministro liban\u00e9s de Relaciones Exteriores y Expatriados, Abdallah Bou Habib, discutieron las relaciones bilaterales entre los dos pa\u00edses en todos los campos.<\/p>\n<p style=\"text-align: justify;\">El ministro al-Mekdad expres\u00f3 el inter\u00e9s de Siria por el bienestar y el progreso de los hermanos libaneses, y destac\u00f3 la provisi\u00f3n de una posible asistencia para superar las dificultades y desaf\u00edos que el L\u00edbano experiment\u00f3 durante el \u00faltimo per\u00edodo.<\/p>\n<p style=\"text-align: justify;\">A su vez, el ministro Bou Habib agradeci\u00f3 a Siria por lo que ofrece al L\u00edbano, especialmente en lo que respecta a los recursos energ\u00e9ticos.<\/p>\n<p style=\"text-align: justify;\">Los dos ministros tambi\u00e9n discutieron el regreso de los sirios desplazados a su tierra natal, donde al-Mekdad afirm\u00f3 en este contexto que Siria da la bienvenida a todos sus hijos y brinda todas las facilidades necesarias para asegurar su voluntario y digno retorno.<\/p>\n<p style=\"text-align: justify;\">al-Mekdad pidi\u00f3 a las organizaciones internacionales que cumplan con su deber hacia los refugiados sirios y no impidan su regreso a su patria, Siria.<\/p>\n<p style=\"text-align: justify;\">El Ministro de Relaciones Exteriores y Expatriados tambi\u00e9n se reuni\u00f3 con el viceministro de Relaciones Exteriores de Ir\u00e1n, Safari Mahdi, y se discutieron todos los aspectos de la cooperaci\u00f3n entre los dos pa\u00edses hermanos en todos los campos pol\u00edticos y econ\u00f3micos.<\/p>\n<p style=\"text-align: justify;\">Es de se\u00f1alar que las reuniones del ministro al-Mekdad tuvieron lugar al margen de su participaci\u00f3n en la 2da. Reuni\u00f3n del Grupo de Amigos en Defensa de la Carta de las Naciones Unidas, en Belgrado, Serbia.<\/p>\n<p><span style=\"color: #3366ff;\"><strong>mm<\/strong><\/span><\/p>\n","protected":false},"excerpt":{"rendered":"<p>Belgrado, 12 oct (SANA) El Ministro de Relaciones Exteriores y Expatriados, Faisal al-Mekdad, y ministro liban\u00e9s de Relaciones Exteriores y Expatriados, Abdallah Bou Habib, discutieron las relaciones bilaterales entre los dos pa\u00edses en todos los campos. El ministro al-Mekdad expres\u00f3 el inter\u00e9s de Siria por el bienestar y el progreso de los hermanos libaneses, y &hellip;<\/p>\n","protected":false},"author":36,"featured_media":201057,"comment_status":"closed","ping_status":"closed","sticky":false,"template":"","format":"standard","meta":{"footnotes":""},"categories":[597,467,7541],"tags":[],"class_list":["post-201056","post","type-post","status-publish","format-standard","has-post-thumbnail","","category-cinta-de-noticias","category-siria-y-el-mundo","category-ultimas-noticias"],"_links":{"self":[{"href":"https:\/\/archive.sana.sy\/es\/index.php?rest_route=\/wp\/v2\/posts\/201056"}],"collection":[{"href":"https:\/\/archive.sana.sy\/es\/index.php?rest_route=\/wp\/v2\/posts"}],"about":[{"href":"https:\/\/archive.sana.sy\/es\/index.php?rest_route=\/wp\/v2\/types\/post"}],"author":[{"embeddable":true,"href":"https:\/\/archive.sana.sy\/es\/index.php?rest_route=\/wp\/v2\/users\/36"}],"replies":[{"embeddable":true,"href":"https:\/\/archive.sana.sy\/es\/index.php?rest_route=%2Fwp%2Fv2%2Fcomments&post=201056"}],"version-history":[{"count":0,"href":"https:\/\/archive.sana.sy\/es\/index.php?rest_route=\/wp\/v2\/posts\/201056\/revisions"}],"wp:featuredmedia":[{"embeddable":true,"href":"https:\/\/archive.sana.sy\/es\/index.php?rest_route=\/wp\/v2\/media\/201057"}],"wp:attachment":[{"href":"https:\/\/archive.sana.sy\/es\/index.php?rest_route=%2Fwp%2Fv2%2Fmedia&parent=201056"}],"wp:term":[{"taxonomy":"category","embeddable":true,"href":"https:\/\/archive.sana.sy\/es\/index.php?rest_route=%2Fwp%2Fv2%2Fcategories&post=201056"},{"taxonomy":"post_tag","embeddable":true,"href":"https:\/\/archive.sana.sy\/es\/index.php?rest_route=%2Fwp%2Fv2%2Ftags&post=201056"}],"curies":[{"name":"wp","href":"https:\/\/api.w.org\/{rel}","templated":true}]}}