{"id":201059,"date":"2021-10-12T21:19:41","date_gmt":"2021-10-12T18:19:41","guid":{"rendered":"http:\/\/107.6.182.27\/es\/?p=201059"},"modified":"2021-10-12T21:34:19","modified_gmt":"2021-10-12T18:34:19","slug":"movimiento-de-paises-no-alineados-condena-medidas-coercitivas-occidentales-contra-algunos-miembros-del-movimiento","status":"publish","type":"post","link":"https:\/\/archive.sana.sy\/es\/?p=201059","title":{"rendered":"El MNOAL condena bloqueo y sanciones occidentales contra algunos de sus miembros"},"content":{"rendered":"<p style=\"text-align: justify;\"><strong><span style=\"color: #800000;\">Belgrado, 12 oct (SANA)<\/span> <\/strong>La reuni\u00f3n de alto nivel del Movimiento de Pa\u00edses No Alineados (MNOAL), celebrada en Belgrado, con la participaci\u00f3n de Siria, conden\u00f3 las medidas coercitivas unilaterales impuestas por los pa\u00edses occidentales a algunos pa\u00edses del movimiento.<\/p>\n<p style=\"text-align: justify;\">Los participantes exigieron, en su declaraci\u00f3n final, que los pa\u00edses occidentales se retracten de estas medidas ilegales y no sigan imponi\u00e9ndolas ya que perjudican a los pueblos de los pa\u00edses en desarrollo y les impiden ejercer su derecho al desarrollo.<\/p>\n<p style=\"text-align: justify;\">La declaraci\u00f3n elaborada por Azerbaiy\u00e1n, en su calidad de l\u00edder del movimiento, afirm\u00f3 el derecho del pueblo palestino a decidir su futuro y construir su estado independiente en su tierra, y conden\u00f3 las pr\u00e1cticas israel\u00edes en su contra.<\/p>\n<p style=\"text-align: justify;\">Asimismo, pidi\u00f3 la igualdad de todos los pa\u00edses en el derecho a recibir la vacuna contra la epidemia (Covid 19), y la no discriminaci\u00f3n entre pa\u00edses ricos y pobres en este sentido.<\/p>\n<p style=\"text-align: justify;\">Representantes de 120 pa\u00edses miembros e invitados del movimiento participaron en la reuni\u00f3n de alto nivel del movimiento con motivo de la celebraci\u00f3n del 60\u00aa aniversario de su fundaci\u00f3n.<\/p>\n<p style=\"text-align: justify;\">Siria estuvo representada en la reuni\u00f3n por una delegaci\u00f3n encabezada por el ministro de Relaciones Exteriores y Expatriados, Faisal al-Mekdad.<\/p>\n<p><strong><span style=\"color: #3366ff;\">mm<\/span><\/strong><\/p>\n","protected":false},"excerpt":{"rendered":"<p>Belgrado, 12 oct (SANA) La reuni\u00f3n de alto nivel del Movimiento de Pa\u00edses No Alineados (MNOAL), celebrada en Belgrado, con la participaci\u00f3n de Siria, conden\u00f3 las medidas coercitivas unilaterales impuestas por los pa\u00edses occidentales a algunos pa\u00edses del movimiento. Los participantes exigieron, en su declaraci\u00f3n final, que los pa\u00edses occidentales se retracten de estas medidas &hellip;<\/p>\n","protected":false},"author":36,"featured_media":201060,"comment_status":"closed","ping_status":"closed","sticky":false,"template":"","format":"standard","meta":{"footnotes":""},"categories":[597,467,583],"tags":[],"class_list":["post-201059","post","type-post","status-publish","format-standard","has-post-thumbnail","","category-cinta-de-noticias","category-siria-y-el-mundo","category-slide"],"_links":{"self":[{"href":"https:\/\/archive.sana.sy\/es\/index.php?rest_route=\/wp\/v2\/posts\/201059"}],"collection":[{"href":"https:\/\/archive.sana.sy\/es\/index.php?rest_route=\/wp\/v2\/posts"}],"about":[{"href":"https:\/\/archive.sana.sy\/es\/index.php?rest_route=\/wp\/v2\/types\/post"}],"author":[{"embeddable":true,"href":"https:\/\/archive.sana.sy\/es\/index.php?rest_route=\/wp\/v2\/users\/36"}],"replies":[{"embeddable":true,"href":"https:\/\/archive.sana.sy\/es\/index.php?rest_route=%2Fwp%2Fv2%2Fcomments&post=201059"}],"version-history":[{"count":0,"href":"https:\/\/archive.sana.sy\/es\/index.php?rest_route=\/wp\/v2\/posts\/201059\/revisions"}],"wp:featuredmedia":[{"embeddable":true,"href":"https:\/\/archive.sana.sy\/es\/index.php?rest_route=\/wp\/v2\/media\/201060"}],"wp:attachment":[{"href":"https:\/\/archive.sana.sy\/es\/index.php?rest_route=%2Fwp%2Fv2%2Fmedia&parent=201059"}],"wp:term":[{"taxonomy":"category","embeddable":true,"href":"https:\/\/archive.sana.sy\/es\/index.php?rest_route=%2Fwp%2Fv2%2Fcategories&post=201059"},{"taxonomy":"post_tag","embeddable":true,"href":"https:\/\/archive.sana.sy\/es\/index.php?rest_route=%2Fwp%2Fv2%2Ftags&post=201059"}],"curies":[{"name":"wp","href":"https:\/\/api.w.org\/{rel}","templated":true}]}}