{"id":201067,"date":"2021-10-12T22:18:23","date_gmt":"2021-10-12T19:18:23","guid":{"rendered":"http:\/\/107.6.182.27\/es\/?p=201067"},"modified":"2023-01-12T14:40:08","modified_gmt":"2023-01-12T12:40:08","slug":"arrancan-colonos-israelies-a-docenas-de-olivos-palestinos-al-sur-de-hebron-2","status":"publish","type":"post","link":"https:\/\/archive.sana.sy\/es\/?p=201067","title":{"rendered":"Arrancan colonos israel\u00edes a docenas de olivos palestinos al sur de Hebr\u00f3n"},"content":{"rendered":"<p style=\"text-align: justify;\"><strong><span style=\"color: #800000;\">Jerusal\u00e9n ocupada, 12 oct (SANA)<\/span><\/strong> Los colonos israel\u00edes irrumpieron este martes, en tierras agr\u00edcolas de los palestinos en la localidad de Yatta, al sur de Hebr\u00f3n, en Cisjordania, y arrancaron a docenas de olivos desde sus ra\u00edces.<\/p>\n<p style=\"text-align: justify;\">La agencia palestina de noticias \u201cWafa\u201d cit\u00f3 al coordinador de los comit\u00e9s populares y nacionales, Ratib Jabour, diciendo que \u201clos colonos irrumpieron en el \u00e1rea y arrancaron casi 70 olivos\u201d.<\/p>\n<p style=\"text-align: justify;\">Los colonos allanan a diario los pueblos y ciudades palestinas y cometen los cr\u00edmenes atroces contra los palestinos y destruyen sus propiedades, bajo protecci\u00f3n de las fuerzas del ocupante israel\u00ed, con el objetivo de desplazar a los palestinos y confiscar y judaizar sus tierras.<\/p>\n<p><span style=\"color: #3366ff;\"><strong>mm<\/strong><\/span><\/p>\n","protected":false},"excerpt":{"rendered":"<p>Jerusal\u00e9n ocupada, 12 oct (SANA) Los colonos israel\u00edes irrumpieron este martes, en tierras agr\u00edcolas de los palestinos en la localidad de Yatta, al sur de Hebr\u00f3n, en Cisjordania, y arrancaron a docenas de olivos desde sus ra\u00edces. La agencia palestina de noticias \u201cWafa\u201d cit\u00f3 al coordinador de los comit\u00e9s populares y nacionales, Ratib Jabour, diciendo &hellip;<\/p>\n","protected":false},"author":36,"featured_media":201068,"comment_status":"closed","ping_status":"closed","sticky":false,"template":"","format":"standard","meta":{"footnotes":""},"categories":[597,456,457],"tags":[],"class_list":["post-201067","post","type-post","status-publish","format-standard","has-post-thumbnail","","category-cinta-de-noticias","category-arabe-internacional-politica","category-noticias-arabe-internacional-politica"],"_links":{"self":[{"href":"https:\/\/archive.sana.sy\/es\/index.php?rest_route=\/wp\/v2\/posts\/201067"}],"collection":[{"href":"https:\/\/archive.sana.sy\/es\/index.php?rest_route=\/wp\/v2\/posts"}],"about":[{"href":"https:\/\/archive.sana.sy\/es\/index.php?rest_route=\/wp\/v2\/types\/post"}],"author":[{"embeddable":true,"href":"https:\/\/archive.sana.sy\/es\/index.php?rest_route=\/wp\/v2\/users\/36"}],"replies":[{"embeddable":true,"href":"https:\/\/archive.sana.sy\/es\/index.php?rest_route=%2Fwp%2Fv2%2Fcomments&post=201067"}],"version-history":[{"count":0,"href":"https:\/\/archive.sana.sy\/es\/index.php?rest_route=\/wp\/v2\/posts\/201067\/revisions"}],"wp:featuredmedia":[{"embeddable":true,"href":"https:\/\/archive.sana.sy\/es\/index.php?rest_route=\/wp\/v2\/media\/201068"}],"wp:attachment":[{"href":"https:\/\/archive.sana.sy\/es\/index.php?rest_route=%2Fwp%2Fv2%2Fmedia&parent=201067"}],"wp:term":[{"taxonomy":"category","embeddable":true,"href":"https:\/\/archive.sana.sy\/es\/index.php?rest_route=%2Fwp%2Fv2%2Fcategories&post=201067"},{"taxonomy":"post_tag","embeddable":true,"href":"https:\/\/archive.sana.sy\/es\/index.php?rest_route=%2Fwp%2Fv2%2Ftags&post=201067"}],"curies":[{"name":"wp","href":"https:\/\/api.w.org\/{rel}","templated":true}]}}