{"id":201080,"date":"2021-10-13T07:38:04","date_gmt":"2021-10-13T04:38:04","guid":{"rendered":"http:\/\/107.6.182.27\/es\/?p=201080"},"modified":"2023-01-12T14:40:08","modified_gmt":"2023-01-12T12:40:08","slug":"herido-y-siete-detenidos-en-nueva-jornada-de-crimenes-israelies-contra-el-pueblo-palestino","status":"publish","type":"post","link":"https:\/\/archive.sana.sy\/es\/?p=201080","title":{"rendered":"Herido y siete detenidos en nueva jornada de cr\u00edmenes israel\u00edes contra el pueblo palestino"},"content":{"rendered":"<p style=\"text-align: justify;\"><strong><span style=\"color: #800000;\">Jerusal\u00e9n ocupada, 13 oct (SANA)<\/span><\/strong>\u00a0 \u00a0Un palestino result\u00f3 herido y siete fueron detenidos arbitrariamente en nuevas acciones criminales de las fuerzas de ocupaci\u00f3n israel\u00edes en la ciudad ocupada de Jerusal\u00e9n.<\/p>\n<p style=\"text-align: justify;\">La agencia de noticias Maan inform\u00f3 que las fuerzas de ocupaci\u00f3n irrumpieron en el \u00e1rea de Bab al-Amoud en la ciudad ocupada de Jerusal\u00e9n, donde agredieron a los palestinos y le dispararon con balas reales y bombas de gas lacrim\u00f3geno.<\/p>\n<p style=\"text-align: justify;\">La v\u00edspera, las fuerzas de ocupaci\u00f3n arrestaron a tres ni\u00f1os palestinos en la ciudad ocupada de Jerusal\u00e9n.<\/p>\n<p style=\"text-align: justify;\"><strong><span style=\"color: #0000ff;\">fm\/ed<\/span><\/strong><\/p>\n","protected":false},"excerpt":{"rendered":"<p>Jerusal\u00e9n ocupada, 13 oct (SANA)\u00a0 \u00a0Un palestino result\u00f3 herido y siete fueron detenidos arbitrariamente en nuevas acciones criminales de las fuerzas de ocupaci\u00f3n israel\u00edes en la ciudad ocupada de Jerusal\u00e9n. La agencia de noticias Maan inform\u00f3 que las fuerzas de ocupaci\u00f3n irrumpieron en el \u00e1rea de Bab al-Amoud en la ciudad ocupada de Jerusal\u00e9n, donde &hellip;<\/p>\n","protected":false},"author":32,"featured_media":201081,"comment_status":"closed","ping_status":"closed","sticky":false,"template":"","format":"standard","meta":{"footnotes":""},"categories":[597,456,7541],"tags":[],"class_list":["post-201080","post","type-post","status-publish","format-standard","has-post-thumbnail","","category-cinta-de-noticias","category-arabe-internacional-politica","category-ultimas-noticias"],"_links":{"self":[{"href":"https:\/\/archive.sana.sy\/es\/index.php?rest_route=\/wp\/v2\/posts\/201080"}],"collection":[{"href":"https:\/\/archive.sana.sy\/es\/index.php?rest_route=\/wp\/v2\/posts"}],"about":[{"href":"https:\/\/archive.sana.sy\/es\/index.php?rest_route=\/wp\/v2\/types\/post"}],"author":[{"embeddable":true,"href":"https:\/\/archive.sana.sy\/es\/index.php?rest_route=\/wp\/v2\/users\/32"}],"replies":[{"embeddable":true,"href":"https:\/\/archive.sana.sy\/es\/index.php?rest_route=%2Fwp%2Fv2%2Fcomments&post=201080"}],"version-history":[{"count":0,"href":"https:\/\/archive.sana.sy\/es\/index.php?rest_route=\/wp\/v2\/posts\/201080\/revisions"}],"wp:featuredmedia":[{"embeddable":true,"href":"https:\/\/archive.sana.sy\/es\/index.php?rest_route=\/wp\/v2\/media\/201081"}],"wp:attachment":[{"href":"https:\/\/archive.sana.sy\/es\/index.php?rest_route=%2Fwp%2Fv2%2Fmedia&parent=201080"}],"wp:term":[{"taxonomy":"category","embeddable":true,"href":"https:\/\/archive.sana.sy\/es\/index.php?rest_route=%2Fwp%2Fv2%2Fcategories&post=201080"},{"taxonomy":"post_tag","embeddable":true,"href":"https:\/\/archive.sana.sy\/es\/index.php?rest_route=%2Fwp%2Fv2%2Ftags&post=201080"}],"curies":[{"name":"wp","href":"https:\/\/api.w.org\/{rel}","templated":true}]}}