{"id":201102,"date":"2021-10-13T11:30:16","date_gmt":"2021-10-13T08:30:16","guid":{"rendered":"http:\/\/107.6.182.27\/es\/?p=201102"},"modified":"2023-01-10T14:25:21","modified_gmt":"2023-01-10T12:25:21","slug":"los-armados-de-jizeh-en-el-este-de-deraa-se-rinden-ante-el-ejercito","status":"publish","type":"post","link":"https:\/\/archive.sana.sy\/es\/?p=201102","title":{"rendered":"Los armados de Jizeh en el este de Deraa se rinden ante el ej\u00e9rcito"},"content":{"rendered":"<p style=\"text-align: justify;\"><strong><span style=\"color: #800000;\">Deraa, 13 oct (SANA)\u00a0 \u00a0<\/span><\/strong> Los pr\u00f3fugas e integrantes de grupos armados ilegales de la localidad de Sayda en el este de la provincia siria de Deraa, se rindieron hoy al Ej\u00e9rcito \u00c1rabe Sirio.<\/p>\n<p style=\"text-align: justify;\">Seg\u00fan reportes de nuestro corresponsal, la entrega de armas se efect\u00faa en un centro de reconciliaci\u00f3n creado en la referida localidad, donde tambi\u00e9n se indultan los armados que se rinden voluntariamente.<\/p>\n<p style=\"text-align: justify;\">El acuerdo estipula indultar a los armados que deponen sus armas, la salida de los terroristas hacia el norte de Siria y la instauraci\u00f3n de la autoridad del Estado.<\/p>\n<p style=\"text-align: justify;\">Durante las \u00faltimas semanas, las unidades del ej\u00e9rcito se desplegaron en casi una veintena de localidades que presenciaron semejantes procesos de reconciliaci\u00f3n.<\/p>\n<p style=\"text-align: justify;\"><strong><span style=\"color: #0000ff;\">fm\/ed<\/span><\/strong><\/p>\n<p><img loading=\"lazy\" decoding=\"async\" class=\"alignright size-medium wp-image-201103\" src=\"http:\/\/107.6.182.27\/es\/wp-content\/uploads\/2021\/10\/photo_2021-10-13_10-59-04-2-300x205.jpg\" alt=\"\" width=\"300\" height=\"205\" srcset=\"https:\/\/archive.sana.sy\/es\/wp-content\/uploads\/2021\/10\/photo_2021-10-13_10-59-04-2-300x205.jpg 300w, https:\/\/archive.sana.sy\/es\/wp-content\/uploads\/2021\/10\/photo_2021-10-13_10-59-04-2-1024x700.jpg 1024w, https:\/\/archive.sana.sy\/es\/wp-content\/uploads\/2021\/10\/photo_2021-10-13_10-59-04-2-150x103.jpg 150w, https:\/\/archive.sana.sy\/es\/wp-content\/uploads\/2021\/10\/photo_2021-10-13_10-59-04-2-768x525.jpg 768w, https:\/\/archive.sana.sy\/es\/wp-content\/uploads\/2021\/10\/photo_2021-10-13_10-59-04-2-110x75.jpg 110w, https:\/\/archive.sana.sy\/es\/wp-content\/uploads\/2021\/10\/photo_2021-10-13_10-59-04-2.jpg 1280w\" sizes=\"(max-width: 300px) 100vw, 300px\" \/><\/p>\n","protected":false},"excerpt":{"rendered":"<p>Deraa, 13 oct (SANA)\u00a0 \u00a0 Los pr\u00f3fugas e integrantes de grupos armados ilegales de la localidad de Sayda en el este de la provincia siria de Deraa, se rindieron hoy al Ej\u00e9rcito \u00c1rabe Sirio. Seg\u00fan reportes de nuestro corresponsal, la entrega de armas se efect\u00faa en un centro de reconciliaci\u00f3n creado en la referida localidad, &hellip;<\/p>\n","protected":false},"author":32,"featured_media":201104,"comment_status":"closed","ping_status":"closed","sticky":false,"template":"","format":"standard","meta":{"footnotes":""},"categories":[477,447,597,573,476,7541],"tags":[17398,7161,8571,19700],"class_list":["post-201102","post","type-post","status-publish","format-standard","has-post-thumbnail","","category-noticias-edulcorantes","category-local-politica","category-cinta-de-noticias","category-la-realidad-de-los-acontecimientos-en-siria","category-locales","category-ultimas-noticias","tag-deraa","tag-damasco","tag-ejercito","tag-jizeh"],"_links":{"self":[{"href":"https:\/\/archive.sana.sy\/es\/index.php?rest_route=\/wp\/v2\/posts\/201102"}],"collection":[{"href":"https:\/\/archive.sana.sy\/es\/index.php?rest_route=\/wp\/v2\/posts"}],"about":[{"href":"https:\/\/archive.sana.sy\/es\/index.php?rest_route=\/wp\/v2\/types\/post"}],"author":[{"embeddable":true,"href":"https:\/\/archive.sana.sy\/es\/index.php?rest_route=\/wp\/v2\/users\/32"}],"replies":[{"embeddable":true,"href":"https:\/\/archive.sana.sy\/es\/index.php?rest_route=%2Fwp%2Fv2%2Fcomments&post=201102"}],"version-history":[{"count":0,"href":"https:\/\/archive.sana.sy\/es\/index.php?rest_route=\/wp\/v2\/posts\/201102\/revisions"}],"wp:featuredmedia":[{"embeddable":true,"href":"https:\/\/archive.sana.sy\/es\/index.php?rest_route=\/wp\/v2\/media\/201104"}],"wp:attachment":[{"href":"https:\/\/archive.sana.sy\/es\/index.php?rest_route=%2Fwp%2Fv2%2Fmedia&parent=201102"}],"wp:term":[{"taxonomy":"category","embeddable":true,"href":"https:\/\/archive.sana.sy\/es\/index.php?rest_route=%2Fwp%2Fv2%2Fcategories&post=201102"},{"taxonomy":"post_tag","embeddable":true,"href":"https:\/\/archive.sana.sy\/es\/index.php?rest_route=%2Fwp%2Fv2%2Ftags&post=201102"}],"curies":[{"name":"wp","href":"https:\/\/api.w.org\/{rel}","templated":true}]}}