{"id":201171,"date":"2021-10-13T19:49:12","date_gmt":"2021-10-13T16:49:12","guid":{"rendered":"http:\/\/107.6.182.27\/es\/?p=201171"},"modified":"2023-01-10T14:25:20","modified_gmt":"2023-01-10T12:25:20","slug":"siria-e-irak-coinciden-en-importancia-de-desarrollar-la-cooperacion-en-materia-energetica","status":"publish","type":"post","link":"https:\/\/archive.sana.sy\/es\/?p=201171","title":{"rendered":"Conversaciones sirio-iraqu\u00edes para desarrollar la cooperaci\u00f3n en materia energ\u00e9tica"},"content":{"rendered":"<p style=\"text-align: justify\"><span style=\"color: #800000\"><strong>Mosc\u00fa, 13 oct (SANA)-<\/strong> <\/span>El Ministro de Petr\u00f3leo y Recursos Minerales, Bassam Toame, examin\u00f3 con su hom\u00f3logo de Irak, Ihsan Abdul-Jabbar las v\u00edas de desarrollar la cooperaci\u00f3n y coordinaci\u00f3n entre los dos pa\u00edses en materia energ\u00e9tica y petrolera.<\/p>\n<p style=\"text-align: justify\">La reuni\u00f3n fue sostenida hoy el mi\u00e9rcoles al margen del Foro Internacional de la Semana de la Energ\u00eda de Rusia en Mosc\u00fa.<\/p>\n<p style=\"text-align: justify\">los dos ministros coincidieron en la necesidad de crear condiciones adecuadas para el trabajo de las compa\u00f1\u00edas de petr\u00f3leo y gas en medio de las amenazas de los grupos terroristas restantes en los yacimientos de petr\u00f3leo y gas de las dos naciones.<\/p>\n<p style=\"text-align: justify\">Subrayaron la importancia de avanzar en el desarrollo de las relaciones sirio-iraqu\u00edes para lograr la estabilidad econ\u00f3mica y servir los intereses de los pueblos de ambos pa\u00edses hermanos.<\/p>\n<p style=\"text-align: justify\">la<\/p>\n","protected":false},"excerpt":{"rendered":"<p>Mosc\u00fa, 13 oct (SANA)- El Ministro de Petr\u00f3leo y Recursos Minerales, Bassam Toame, examin\u00f3 con su hom\u00f3logo de Irak, Ihsan Abdul-Jabbar las v\u00edas de desarrollar la cooperaci\u00f3n y coordinaci\u00f3n entre los dos pa\u00edses en materia energ\u00e9tica y petrolera. La reuni\u00f3n fue sostenida hoy el mi\u00e9rcoles al margen del Foro Internacional de la Semana de la &hellip;<\/p>\n","protected":false},"author":24,"featured_media":201172,"comment_status":"closed","ping_status":"closed","sticky":false,"template":"","format":"standard","meta":{"footnotes":""},"categories":[447,597,467,7541],"tags":[],"class_list":["post-201171","post","type-post","status-publish","format-standard","has-post-thumbnail","","category-local-politica","category-cinta-de-noticias","category-siria-y-el-mundo","category-ultimas-noticias"],"_links":{"self":[{"href":"https:\/\/archive.sana.sy\/es\/index.php?rest_route=\/wp\/v2\/posts\/201171"}],"collection":[{"href":"https:\/\/archive.sana.sy\/es\/index.php?rest_route=\/wp\/v2\/posts"}],"about":[{"href":"https:\/\/archive.sana.sy\/es\/index.php?rest_route=\/wp\/v2\/types\/post"}],"author":[{"embeddable":true,"href":"https:\/\/archive.sana.sy\/es\/index.php?rest_route=\/wp\/v2\/users\/24"}],"replies":[{"embeddable":true,"href":"https:\/\/archive.sana.sy\/es\/index.php?rest_route=%2Fwp%2Fv2%2Fcomments&post=201171"}],"version-history":[{"count":0,"href":"https:\/\/archive.sana.sy\/es\/index.php?rest_route=\/wp\/v2\/posts\/201171\/revisions"}],"wp:featuredmedia":[{"embeddable":true,"href":"https:\/\/archive.sana.sy\/es\/index.php?rest_route=\/wp\/v2\/media\/201172"}],"wp:attachment":[{"href":"https:\/\/archive.sana.sy\/es\/index.php?rest_route=%2Fwp%2Fv2%2Fmedia&parent=201171"}],"wp:term":[{"taxonomy":"category","embeddable":true,"href":"https:\/\/archive.sana.sy\/es\/index.php?rest_route=%2Fwp%2Fv2%2Fcategories&post=201171"},{"taxonomy":"post_tag","embeddable":true,"href":"https:\/\/archive.sana.sy\/es\/index.php?rest_route=%2Fwp%2Fv2%2Ftags&post=201171"}],"curies":[{"name":"wp","href":"https:\/\/api.w.org\/{rel}","templated":true}]}}