{"id":201179,"date":"2021-10-13T20:25:22","date_gmt":"2021-10-13T17:25:22","guid":{"rendered":"http:\/\/107.6.182.27\/es\/?p=201179"},"modified":"2021-10-13T20:25:50","modified_gmt":"2021-10-13T17:25:50","slug":"converal-mekdad-llama-a-la-comunidad-siria-en-serbia-a-realizar-inversiones-en-su-pais","status":"publish","type":"post","link":"https:\/\/archive.sana.sy\/es\/?p=201179","title":{"rendered":"Al-Mekdad llama la comunidad siria en Serbia a realizar inversiones en su pa\u00eds"},"content":{"rendered":"<p style=\"text-align: justify\"><strong><span style=\"color: #800000\">Belgrado, 13 oct (SANA)-<\/span> <\/strong>El Ministro de Relaciones Exteriores y Expatriados, Faisal al-Mekdad, se reuni\u00f3 hoy con un grupo de la comunidad siria en Serbia, que incluy\u00f3 a m\u00e9dicos, empresarios y estudiantes.<\/p>\n<p style=\"text-align: justify\">Durante el encuentro, el Canciller sirio hizo una panor\u00e1mica sobre los esfuerzos llevados a cabo por el gobierno sirio para restaurar la seguridad y estabilidad en todo el pa\u00eds y reconstruir lo destruido por el terrorismo.<\/p>\n<p style=\"text-align: justify\">El ministro al-Mekdad valor\u00f3 la solidaridad de la comunidad siria en Serbia con su patria, y reiter\u00f3 el inter\u00e9s del liderazgo en crear condiciones propicias para un digno regreso de los refugiados.<\/p>\n<p style=\"text-align: justify\">Dirigi\u00f3 un llamamiento a la colectividad para resaltar ante la opini\u00f3n p\u00fablica serbia el impacto catastr\u00f3fico de las medidas coercitivas unilaterales en el pueblo sirio y los sectores vitales de Siria, as\u00ed como la inst\u00f3 a invertir en su pa\u00eds, beneficiando de la nueva ley de inversiones.<\/p>\n<p style=\"text-align: justify\">A su vez, los miembros de la comunidad alabaron los sacrificios del Ej\u00e9rcito \u00c1rabe Sirio frente al terrorismo y los esfuerzos realizados por el gobierno sirio para atender las necesidades de los ciudadanos sirios tanto en el interior como en el extranjero.<\/p>\n<p style=\"text-align: justify\">la<\/p>\n","protected":false},"excerpt":{"rendered":"<p>Belgrado, 13 oct (SANA)- El Ministro de Relaciones Exteriores y Expatriados, Faisal al-Mekdad, se reuni\u00f3 hoy con un grupo de la comunidad siria en Serbia, que incluy\u00f3 a m\u00e9dicos, empresarios y estudiantes. Durante el encuentro, el Canciller sirio hizo una panor\u00e1mica sobre los esfuerzos llevados a cabo por el gobierno sirio para restaurar la seguridad &hellip;<\/p>\n","protected":false},"author":24,"featured_media":201180,"comment_status":"closed","ping_status":"closed","sticky":false,"template":"","format":"standard","meta":{"footnotes":""},"categories":[597,467,7541],"tags":[],"class_list":["post-201179","post","type-post","status-publish","format-standard","has-post-thumbnail","","category-cinta-de-noticias","category-siria-y-el-mundo","category-ultimas-noticias"],"_links":{"self":[{"href":"https:\/\/archive.sana.sy\/es\/index.php?rest_route=\/wp\/v2\/posts\/201179"}],"collection":[{"href":"https:\/\/archive.sana.sy\/es\/index.php?rest_route=\/wp\/v2\/posts"}],"about":[{"href":"https:\/\/archive.sana.sy\/es\/index.php?rest_route=\/wp\/v2\/types\/post"}],"author":[{"embeddable":true,"href":"https:\/\/archive.sana.sy\/es\/index.php?rest_route=\/wp\/v2\/users\/24"}],"replies":[{"embeddable":true,"href":"https:\/\/archive.sana.sy\/es\/index.php?rest_route=%2Fwp%2Fv2%2Fcomments&post=201179"}],"version-history":[{"count":0,"href":"https:\/\/archive.sana.sy\/es\/index.php?rest_route=\/wp\/v2\/posts\/201179\/revisions"}],"wp:featuredmedia":[{"embeddable":true,"href":"https:\/\/archive.sana.sy\/es\/index.php?rest_route=\/wp\/v2\/media\/201180"}],"wp:attachment":[{"href":"https:\/\/archive.sana.sy\/es\/index.php?rest_route=%2Fwp%2Fv2%2Fmedia&parent=201179"}],"wp:term":[{"taxonomy":"category","embeddable":true,"href":"https:\/\/archive.sana.sy\/es\/index.php?rest_route=%2Fwp%2Fv2%2Fcategories&post=201179"},{"taxonomy":"post_tag","embeddable":true,"href":"https:\/\/archive.sana.sy\/es\/index.php?rest_route=%2Fwp%2Fv2%2Ftags&post=201179"}],"curies":[{"name":"wp","href":"https:\/\/api.w.org\/{rel}","templated":true}]}}