{"id":201197,"date":"2021-10-14T05:57:04","date_gmt":"2021-10-14T02:57:04","guid":{"rendered":"http:\/\/107.6.182.27\/es\/?p=201197"},"modified":"2023-01-10T14:25:19","modified_gmt":"2023-01-10T12:25:19","slug":"agresion-israeli-causa-muerte-de-un-soldado-cerca-de-palmira","status":"publish","type":"post","link":"https:\/\/archive.sana.sy\/es\/?p=201197","title":{"rendered":"Agresi\u00f3n israel\u00ed causa muerte de un soldado cerca de Palmira"},"content":{"rendered":"<p style=\"text-align: justify;\"><span style=\"color: #800000;\"><strong>Homs, 14 oct (SANA)\u00a0 \u00a0<\/strong> <\/span>Un soldado del Ej\u00e9rcito \u00c1rabe Sirio perdi\u00f3 la vida y otros tres fueron lesionados como resultado de un ataque a\u00e9reo israel\u00ed en la zona de Palmira en el este de la provincia central de Homs.<\/p>\n<p style=\"text-align: justify;\">Una fuente militar declar\u00f3 a nuestra agencia SANA que alrededor de las 23:34 (hora local) de este mi\u00e9rcoles, el enemigo israel\u00ed perpetr\u00f3 una agresi\u00f3n a\u00e9rea desde la direcci\u00f3n del \u00e1rea de Tanef contra la zona de Palmira en el este de la provincia de Homs.<\/p>\n<p style=\"text-align: justify;\">Precis\u00f3 que la agresi\u00f3n apunt\u00f3 contra una torre de telecomunicaciones y algunos puntos circundantes, lo que provoc\u00f3 la muerte de un soldado y lesiones a otros tres, adem\u00e1s de algunas p\u00e9rdidas materiales.<\/p>\n<p style=\"text-align: justify;\">El d\u00eda ocho de este mes, las defensas antia\u00e9reas repelieron una semejante agresi\u00f3n con misiles contra el aeropuerto T-4 en el este de Homs, y tambi\u00e9n fue perpetrada desde la zona de Tanef ocupada por EE.UU y grupos mercenarios terroristas.<\/p>\n<p style=\"text-align: justify;\">fm<\/p>\n","protected":false},"excerpt":{"rendered":"<p>Homs, 14 oct (SANA)\u00a0 \u00a0 Un soldado del Ej\u00e9rcito \u00c1rabe Sirio perdi\u00f3 la vida y otros tres fueron lesionados como resultado de un ataque a\u00e9reo israel\u00ed en la zona de Palmira en el este de la provincia central de Homs. Una fuente militar declar\u00f3 a nuestra agencia SANA que alrededor de las 23:34 (hora local) &hellip;<\/p>\n","protected":false},"author":34,"featured_media":201198,"comment_status":"closed","ping_status":"closed","sticky":false,"template":"","format":"standard","meta":{"footnotes":""},"categories":[477,447,597,476,457,583],"tags":[],"class_list":["post-201197","post","type-post","status-publish","format-standard","has-post-thumbnail","","category-noticias-edulcorantes","category-local-politica","category-cinta-de-noticias","category-locales","category-noticias-arabe-internacional-politica","category-slide"],"_links":{"self":[{"href":"https:\/\/archive.sana.sy\/es\/index.php?rest_route=\/wp\/v2\/posts\/201197"}],"collection":[{"href":"https:\/\/archive.sana.sy\/es\/index.php?rest_route=\/wp\/v2\/posts"}],"about":[{"href":"https:\/\/archive.sana.sy\/es\/index.php?rest_route=\/wp\/v2\/types\/post"}],"author":[{"embeddable":true,"href":"https:\/\/archive.sana.sy\/es\/index.php?rest_route=\/wp\/v2\/users\/34"}],"replies":[{"embeddable":true,"href":"https:\/\/archive.sana.sy\/es\/index.php?rest_route=%2Fwp%2Fv2%2Fcomments&post=201197"}],"version-history":[{"count":0,"href":"https:\/\/archive.sana.sy\/es\/index.php?rest_route=\/wp\/v2\/posts\/201197\/revisions"}],"wp:featuredmedia":[{"embeddable":true,"href":"https:\/\/archive.sana.sy\/es\/index.php?rest_route=\/wp\/v2\/media\/201198"}],"wp:attachment":[{"href":"https:\/\/archive.sana.sy\/es\/index.php?rest_route=%2Fwp%2Fv2%2Fmedia&parent=201197"}],"wp:term":[{"taxonomy":"category","embeddable":true,"href":"https:\/\/archive.sana.sy\/es\/index.php?rest_route=%2Fwp%2Fv2%2Fcategories&post=201197"},{"taxonomy":"post_tag","embeddable":true,"href":"https:\/\/archive.sana.sy\/es\/index.php?rest_route=%2Fwp%2Fv2%2Ftags&post=201197"}],"curies":[{"name":"wp","href":"https:\/\/api.w.org\/{rel}","templated":true}]}}