{"id":20139,"date":"2015-03-25T15:47:16","date_gmt":"2015-03-25T13:47:16","guid":{"rendered":"http:\/\/www.sana.sy\/es\/?p=20139"},"modified":"2015-03-25T15:47:16","modified_gmt":"2015-03-25T13:47:16","slug":"arrestados-dos-narcotraficantes-en-la-capital-damasco","status":"publish","type":"post","link":"https:\/\/archive.sana.sy\/es\/?p=20139","title":{"rendered":"Arrestados dos narcotraficantes en la capital Damasco"},"content":{"rendered":"<p><span style=\"color: #800000\">Damasco, SANA<\/span><\/p>\n<p>Dos narcotraficantes fueron arrestados este mi\u00e9rcoles en la capital Damasco.<\/p>\n<p>Una fuente del ministerio del Interior inform\u00f3 que los dos narcotraficantes arrestados ten\u00edan en<br \/>\nsu posesi\u00f3n a cinco kg de hach\u00eds.<\/p>\n<p>Fady M., Lynn A.<\/p>\n","protected":false},"excerpt":{"rendered":"<p>Damasco, SANA Dos narcotraficantes fueron arrestados este mi\u00e9rcoles en la capital Damasco. Una fuente del ministerio del Interior inform\u00f3 que los dos narcotraficantes arrestados ten\u00edan en su posesi\u00f3n a cinco kg de hach\u00eds. Fady M., Lynn A.<\/p>\n","protected":false},"author":24,"featured_media":12605,"comment_status":"closed","ping_status":"closed","sticky":false,"template":"","format":"standard","meta":{"footnotes":""},"categories":[477,597,476],"tags":[4560],"class_list":["post-20139","post","type-post","status-publish","format-standard","has-post-thumbnail","","category-noticias-edulcorantes","category-cinta-de-noticias","category-locales","tag-arrestados-dos-narcotraficantes-en-la-capital-damasco"],"_links":{"self":[{"href":"https:\/\/archive.sana.sy\/es\/index.php?rest_route=\/wp\/v2\/posts\/20139"}],"collection":[{"href":"https:\/\/archive.sana.sy\/es\/index.php?rest_route=\/wp\/v2\/posts"}],"about":[{"href":"https:\/\/archive.sana.sy\/es\/index.php?rest_route=\/wp\/v2\/types\/post"}],"author":[{"embeddable":true,"href":"https:\/\/archive.sana.sy\/es\/index.php?rest_route=\/wp\/v2\/users\/24"}],"replies":[{"embeddable":true,"href":"https:\/\/archive.sana.sy\/es\/index.php?rest_route=%2Fwp%2Fv2%2Fcomments&post=20139"}],"version-history":[{"count":0,"href":"https:\/\/archive.sana.sy\/es\/index.php?rest_route=\/wp\/v2\/posts\/20139\/revisions"}],"wp:featuredmedia":[{"embeddable":true,"href":"https:\/\/archive.sana.sy\/es\/index.php?rest_route=\/wp\/v2\/media\/12605"}],"wp:attachment":[{"href":"https:\/\/archive.sana.sy\/es\/index.php?rest_route=%2Fwp%2Fv2%2Fmedia&parent=20139"}],"wp:term":[{"taxonomy":"category","embeddable":true,"href":"https:\/\/archive.sana.sy\/es\/index.php?rest_route=%2Fwp%2Fv2%2Fcategories&post=20139"},{"taxonomy":"post_tag","embeddable":true,"href":"https:\/\/archive.sana.sy\/es\/index.php?rest_route=%2Fwp%2Fv2%2Ftags&post=20139"}],"curies":[{"name":"wp","href":"https:\/\/api.w.org\/{rel}","templated":true}]}}