{"id":20148,"date":"2015-03-25T15:06:43","date_gmt":"2015-03-25T13:06:43","guid":{"rendered":"http:\/\/www.sana.sy\/es\/?p=20148"},"modified":"2015-03-25T16:08:07","modified_gmt":"2015-03-25T14:08:07","slug":"australia-ha-impedido-a-230-extremistas-de-viajar-a-medio-oriente","status":"publish","type":"post","link":"https:\/\/archive.sana.sy\/es\/?p=20148","title":{"rendered":"Australia ha impedido a 230 extremistas de viajar a Medio Oriente"},"content":{"rendered":"<p><span style=\"color: #800000\">Canberra, SANA<\/span><\/p>\n<p>El primer ministro australiano Tony Abbott, revel\u00f3 que los dispositivos de seguridad antiterroristas impidieron a este mes a 230 personas extremistas que se sospechaba de sus intenciones\u00a0 de unirse a las organizaciones terroristas armadas, entre ellos al menos tres adolescentes.<\/p>\n<p>En su comparecencia ante el parlamento\u00a0 australiano, Abbott dijo que se han interrogado en el pasado agosto a 86 mil pasajeros desde el inicio de la coordinaci\u00f3n entre las unidades antiterroristas en ocho aeropuertos australianos.<\/p>\n<p>Seg\u00fan el primer ministro australiano, se prohibi\u00f3 viajar a Oriente Medio a 230 personas sospechosas de sus intenciones de unirse a\u00a0 los grupos terroristas en Siria e Irak.<\/p>\n<p>Por su parte, el ministro de Protecci\u00f3n de Fronteras australiano, Peter Dutton, revel\u00f3 que un joven de 17 a\u00f1os fue impedido de viajar por sospecharse de su intensi\u00f3n en unirse a los terroristas en Medio Oriente.<\/p>\n<p>Hala B., Fady M.<\/p>\n","protected":false},"excerpt":{"rendered":"<p>Canberra, SANA El primer ministro australiano Tony Abbott, revel\u00f3 que los dispositivos de seguridad antiterroristas impidieron a este mes a 230 personas extremistas que se sospechaba de sus intenciones\u00a0 de unirse a las organizaciones terroristas armadas, entre ellos al menos tres adolescentes. En su comparecencia ante el parlamento\u00a0 australiano, Abbott dijo que se han interrogado &hellip;<\/p>\n","protected":false},"author":24,"featured_media":17052,"comment_status":"closed","ping_status":"closed","sticky":false,"template":"","format":"standard","meta":{"footnotes":""},"categories":[456,457,576],"tags":[4562],"class_list":["post-20148","post","type-post","status-publish","format-standard","has-post-thumbnail","","category-arabe-internacional-politica","category-noticias-arabe-internacional-politica","category-noticias-politicas","tag-australia-ha-impedido-a-230-extremistas-de-viajar-a-medio-oriente"],"_links":{"self":[{"href":"https:\/\/archive.sana.sy\/es\/index.php?rest_route=\/wp\/v2\/posts\/20148"}],"collection":[{"href":"https:\/\/archive.sana.sy\/es\/index.php?rest_route=\/wp\/v2\/posts"}],"about":[{"href":"https:\/\/archive.sana.sy\/es\/index.php?rest_route=\/wp\/v2\/types\/post"}],"author":[{"embeddable":true,"href":"https:\/\/archive.sana.sy\/es\/index.php?rest_route=\/wp\/v2\/users\/24"}],"replies":[{"embeddable":true,"href":"https:\/\/archive.sana.sy\/es\/index.php?rest_route=%2Fwp%2Fv2%2Fcomments&post=20148"}],"version-history":[{"count":0,"href":"https:\/\/archive.sana.sy\/es\/index.php?rest_route=\/wp\/v2\/posts\/20148\/revisions"}],"wp:featuredmedia":[{"embeddable":true,"href":"https:\/\/archive.sana.sy\/es\/index.php?rest_route=\/wp\/v2\/media\/17052"}],"wp:attachment":[{"href":"https:\/\/archive.sana.sy\/es\/index.php?rest_route=%2Fwp%2Fv2%2Fmedia&parent=20148"}],"wp:term":[{"taxonomy":"category","embeddable":true,"href":"https:\/\/archive.sana.sy\/es\/index.php?rest_route=%2Fwp%2Fv2%2Fcategories&post=20148"},{"taxonomy":"post_tag","embeddable":true,"href":"https:\/\/archive.sana.sy\/es\/index.php?rest_route=%2Fwp%2Fv2%2Ftags&post=20148"}],"curies":[{"name":"wp","href":"https:\/\/api.w.org\/{rel}","templated":true}]}}