{"id":201539,"date":"2021-10-17T06:45:30","date_gmt":"2021-10-17T03:45:30","guid":{"rendered":"http:\/\/107.6.182.27\/es\/?p=201539"},"modified":"2023-01-10T14:25:15","modified_gmt":"2023-01-10T12:25:15","slug":"israel-asesina-al-prisionero-sirio-liberado-medhat-al-saleh","status":"publish","type":"post","link":"https:\/\/archive.sana.sy\/es\/?p=201539","title":{"rendered":"\u201cIsrael\u201d asesina al prisionero sirio liberado Medhat Al-Saleh"},"content":{"rendered":"<p style=\"text-align: justify;\"><strong><span style=\"color: #800000;\">Quneitra, 16 oct (SANA)<\/span><\/strong>\u00a0 \u00a0El enemigo israel\u00ed asesina al prisionero sirio liberado Medhat Al-Saleh, al abrir fuego en su contra mientras regresaba a su casa en la zona de Ain Al-Tineh frente a la localidad ocupada de Majdal Shams, reporta el corresponsal de SANA en Quneitra.<\/p>\n<p style=\"text-align: justify;\">El m\u00e1rtir naci\u00f3 en 1967 en la localidad de Majdal Shams en el Gol\u00e1n ocupado. Fue arrestado por las fuerzas de ocupaci\u00f3n israel\u00edes por primera vez en 1983, y despu\u00e9s de su puesta en liberaci\u00f3n, las autoridades de ocupaci\u00f3n lo volvieron a arrestar en 1985 por cargos de pertenecer a la resistencia, y pas\u00f3 12 a\u00f1os en las c\u00e1rceles de ocupaci\u00f3n.<\/p>\n<p style=\"text-align: justify;\">En 1997, las autoridades de ocupaci\u00f3n lo pusieron en libertad. Luego, trabaj\u00f3 para crear el comit\u00e9 de apoyo a los prisioneros y detenidos.<\/p>\n<p style=\"text-align: justify;\">Fue elegido diputado de la Asamblea del Pueblo en 1998 en representaci\u00f3n del Gol\u00e1n ocupado, y luego asumi\u00f3 el cargo de Director de la Oficina del Gol\u00e1n ocupado en la Presidencia del Consejo de Ministros.<\/p>\n<p style=\"text-align: justify;\">Al-Saleh fue blanco de varios intentos de asesinato, incluso en 2011 cuando las fuerzas de ocupaci\u00f3n israel\u00edes dispararon varias veces contra su casa en Ain al-Tineh.<\/p>\n<p style=\"text-align: justify;\">Al-Saleh est\u00e1 casado y tiene un hijo que se llama Gol\u00e1n.<\/p>\n<p style=\"text-align: justify;\">fm\/rr<\/p>\n","protected":false},"excerpt":{"rendered":"<p>Quneitra, 16 oct (SANA)\u00a0 \u00a0El enemigo israel\u00ed asesina al prisionero sirio liberado Medhat Al-Saleh, al abrir fuego en su contra mientras regresaba a su casa en la zona de Ain Al-Tineh frente a la localidad ocupada de Majdal Shams, reporta el corresponsal de SANA en Quneitra. El m\u00e1rtir naci\u00f3 en 1967 en la localidad de &hellip;<\/p>\n","protected":false},"author":31,"featured_media":201540,"comment_status":"closed","ping_status":"closed","sticky":false,"template":"","format":"standard","meta":{"footnotes":""},"categories":[447,477,597,476,457,7541],"tags":[],"class_list":["post-201539","post","type-post","status-publish","format-standard","has-post-thumbnail","","category-local-politica","category-noticias-edulcorantes","category-cinta-de-noticias","category-locales","category-noticias-arabe-internacional-politica","category-ultimas-noticias"],"_links":{"self":[{"href":"https:\/\/archive.sana.sy\/es\/index.php?rest_route=\/wp\/v2\/posts\/201539"}],"collection":[{"href":"https:\/\/archive.sana.sy\/es\/index.php?rest_route=\/wp\/v2\/posts"}],"about":[{"href":"https:\/\/archive.sana.sy\/es\/index.php?rest_route=\/wp\/v2\/types\/post"}],"author":[{"embeddable":true,"href":"https:\/\/archive.sana.sy\/es\/index.php?rest_route=\/wp\/v2\/users\/31"}],"replies":[{"embeddable":true,"href":"https:\/\/archive.sana.sy\/es\/index.php?rest_route=%2Fwp%2Fv2%2Fcomments&post=201539"}],"version-history":[{"count":0,"href":"https:\/\/archive.sana.sy\/es\/index.php?rest_route=\/wp\/v2\/posts\/201539\/revisions"}],"wp:featuredmedia":[{"embeddable":true,"href":"https:\/\/archive.sana.sy\/es\/index.php?rest_route=\/wp\/v2\/media\/201540"}],"wp:attachment":[{"href":"https:\/\/archive.sana.sy\/es\/index.php?rest_route=%2Fwp%2Fv2%2Fmedia&parent=201539"}],"wp:term":[{"taxonomy":"category","embeddable":true,"href":"https:\/\/archive.sana.sy\/es\/index.php?rest_route=%2Fwp%2Fv2%2Fcategories&post=201539"},{"taxonomy":"post_tag","embeddable":true,"href":"https:\/\/archive.sana.sy\/es\/index.php?rest_route=%2Fwp%2Fv2%2Ftags&post=201539"}],"curies":[{"name":"wp","href":"https:\/\/api.w.org\/{rel}","templated":true}]}}