{"id":201607,"date":"2021-10-17T08:33:16","date_gmt":"2021-10-17T05:33:16","guid":{"rendered":"http:\/\/107.6.182.27\/es\/?p=201607"},"modified":"2023-01-10T15:33:09","modified_gmt":"2023-01-10T13:33:09","slug":"titulares-de-la-agencia-sana-17-de-octubre-2021","status":"publish","type":"post","link":"https:\/\/archive.sana.sy\/es\/?p=201607","title":{"rendered":"Titulares de la agencia SANA, 17 de octubre 2021"},"content":{"rendered":"<p><strong><span style=\"color: #800000;\">Damasco, 17 oct (SANA)<\/span><\/strong><\/p>\n<p>????Ministerio de Agricultura inaugura mercado para venta de productos rurales en Damasco.<\/p>\n<p>????Autoridades incautan armas y drogas en Damasco y Quneitra.<\/p>\n<p>????Siria refuerza sus fuerzas a\u00e9reas con nuevo grupo de oficiales graduados de la Academia A\u00e9rea.<\/p>\n<p>????Cortometraje sirio trata efectos humanitarios de la posguerra en Siria.<\/p>\n<p>????Anfiteatro de Bosra, uno de mejores monumentos hist\u00f3ricos de Oriente Medio.<\/p>\n<p>????Milicia separatista FDS ataca aldea en el este de Deir Ezzor con apoyo estadounidense.<\/p>\n<p>????257 prisioneros palestinos contin\u00faan su huelga de hambre.<\/p>\n<p>????Diputado liban\u00e9s: Siria seguir\u00e1 siendo un puente de tr\u00e1nsito para el L\u00edbano hacia el este.<\/p>\n<p>????Ansarol\u00e1 condena reciente agresi\u00f3n israel\u00ed contra Palmira.<\/p>\n<p>????Cientos de millones de d\u00f3lares en ciberextorsi\u00f3n en Estados Unidos.<\/p>\n<p>????Equipos y laboratorios para institutos industriales y escuelas secundarias.<\/p>\n<p>????Cosecha de berenjena en Tal Deraa\/ Municipio de Salamieh.<\/p>\n<p>????\u201cIsrael\u201d asesina al prisionero sirio liberado Medhat Al-Saleh.<\/p>\n<p>????Selecci\u00f3n siria de f\u00fatbol empat\u00f3 con su rival de EAU.<\/p>\n<p>????Ocupaci\u00f3n israel\u00ed expande asentamientos para impedir creaci\u00f3n del Estado palestino.<\/p>\n<p>????Carnaval cicl\u00edstico al final de la carrera Rutas de Tishreen.<\/p>\n<p>????Mueren tres ni\u00f1os por estallido de mina remanente de Daesh en Sweida<\/p>\n<p>&nbsp;<\/p>\n","protected":false},"excerpt":{"rendered":"<p>Damasco, 17 oct (SANA) ????Ministerio de Agricultura inaugura mercado para venta de productos rurales en Damasco. ????Autoridades incautan armas y drogas en Damasco y Quneitra. ????Siria refuerza sus fuerzas a\u00e9reas con nuevo grupo de oficiales graduados de la Academia A\u00e9rea. ????Cortometraje sirio trata efectos humanitarios de la posguerra en Siria. ????Anfiteatro de Bosra, uno de &hellip;<\/p>\n","protected":false},"author":32,"featured_media":201420,"comment_status":"closed","ping_status":"closed","sticky":false,"template":"","format":"standard","meta":{"footnotes":""},"categories":[447,555,597,476,7541],"tags":[7161,19760,19759,7173],"class_list":["post-201607","post","type-post","status-publish","format-standard","has-post-thumbnail","","category-local-politica","category-prensa","category-cinta-de-noticias","category-locales","category-ultimas-noticias","tag-damasco","tag-deraaa","tag-palmir","tag-quneitra"],"_links":{"self":[{"href":"https:\/\/archive.sana.sy\/es\/index.php?rest_route=\/wp\/v2\/posts\/201607"}],"collection":[{"href":"https:\/\/archive.sana.sy\/es\/index.php?rest_route=\/wp\/v2\/posts"}],"about":[{"href":"https:\/\/archive.sana.sy\/es\/index.php?rest_route=\/wp\/v2\/types\/post"}],"author":[{"embeddable":true,"href":"https:\/\/archive.sana.sy\/es\/index.php?rest_route=\/wp\/v2\/users\/32"}],"replies":[{"embeddable":true,"href":"https:\/\/archive.sana.sy\/es\/index.php?rest_route=%2Fwp%2Fv2%2Fcomments&post=201607"}],"version-history":[{"count":0,"href":"https:\/\/archive.sana.sy\/es\/index.php?rest_route=\/wp\/v2\/posts\/201607\/revisions"}],"wp:featuredmedia":[{"embeddable":true,"href":"https:\/\/archive.sana.sy\/es\/index.php?rest_route=\/wp\/v2\/media\/201420"}],"wp:attachment":[{"href":"https:\/\/archive.sana.sy\/es\/index.php?rest_route=%2Fwp%2Fv2%2Fmedia&parent=201607"}],"wp:term":[{"taxonomy":"category","embeddable":true,"href":"https:\/\/archive.sana.sy\/es\/index.php?rest_route=%2Fwp%2Fv2%2Fcategories&post=201607"},{"taxonomy":"post_tag","embeddable":true,"href":"https:\/\/archive.sana.sy\/es\/index.php?rest_route=%2Fwp%2Fv2%2Ftags&post=201607"}],"curies":[{"name":"wp","href":"https:\/\/api.w.org\/{rel}","templated":true}]}}