{"id":201625,"date":"2021-10-17T10:42:27","date_gmt":"2021-10-17T07:42:27","guid":{"rendered":"http:\/\/107.6.182.27\/es\/?p=201625"},"modified":"2023-01-12T14:40:05","modified_gmt":"2023-01-12T12:40:05","slug":"fuerzas-sionistas-arrestan-a-un-palestino-en-cisjordania","status":"publish","type":"post","link":"https:\/\/archive.sana.sy\/es\/?p=201625","title":{"rendered":"Fuerzas sionistas arrestan a un palestino en Cisjordania"},"content":{"rendered":"<p style=\"text-align: justify;\"><strong><span style=\"color: #800000;\">Jerusal\u00e9n ocupada, 17 oct (SANA)\u00a0\u00a0<\/span><\/strong> Las tropas sionistas arrestaron a un palestino en la ciudad de Bel\u00e9n en Cisjordania.<\/p>\n<p style=\"text-align: justify;\">Seg\u00fan divulg\u00f3 la agencia palestina WAFA, los soldados israel\u00edes irrumpieron en el campamento de Dheisheh, al sur de la ciudad, y arrestaron a un palestino.<\/p>\n<p style=\"text-align: justify;\">En la v\u00edspera, las fuerzas de ocupaci\u00f3n israel\u00edes arrestaron a siete palestinos en Cisjordania.<\/p>\n<p><strong><span style=\"color: #0000ff;\">ed\/fm<\/span><\/strong><\/p>\n","protected":false},"excerpt":{"rendered":"<p>Jerusal\u00e9n ocupada, 17 oct (SANA)\u00a0\u00a0 Las tropas sionistas arrestaron a un palestino en la ciudad de Bel\u00e9n en Cisjordania. Seg\u00fan divulg\u00f3 la agencia palestina WAFA, los soldados israel\u00edes irrumpieron en el campamento de Dheisheh, al sur de la ciudad, y arrestaron a un palestino. En la v\u00edspera, las fuerzas de ocupaci\u00f3n israel\u00edes arrestaron a siete &hellip;<\/p>\n","protected":false},"author":32,"featured_media":201626,"comment_status":"closed","ping_status":"closed","sticky":false,"template":"","format":"standard","meta":{"footnotes":""},"categories":[597,456,7541],"tags":[19761,9074,10660],"class_list":["post-201625","post","type-post","status-publish","format-standard","has-post-thumbnail","","category-cinta-de-noticias","category-arabe-internacional-politica","category-ultimas-noticias","tag-belen","tag-cisjordania","tag-jerusalen-ocupada"],"_links":{"self":[{"href":"https:\/\/archive.sana.sy\/es\/index.php?rest_route=\/wp\/v2\/posts\/201625"}],"collection":[{"href":"https:\/\/archive.sana.sy\/es\/index.php?rest_route=\/wp\/v2\/posts"}],"about":[{"href":"https:\/\/archive.sana.sy\/es\/index.php?rest_route=\/wp\/v2\/types\/post"}],"author":[{"embeddable":true,"href":"https:\/\/archive.sana.sy\/es\/index.php?rest_route=\/wp\/v2\/users\/32"}],"replies":[{"embeddable":true,"href":"https:\/\/archive.sana.sy\/es\/index.php?rest_route=%2Fwp%2Fv2%2Fcomments&post=201625"}],"version-history":[{"count":0,"href":"https:\/\/archive.sana.sy\/es\/index.php?rest_route=\/wp\/v2\/posts\/201625\/revisions"}],"wp:featuredmedia":[{"embeddable":true,"href":"https:\/\/archive.sana.sy\/es\/index.php?rest_route=\/wp\/v2\/media\/201626"}],"wp:attachment":[{"href":"https:\/\/archive.sana.sy\/es\/index.php?rest_route=%2Fwp%2Fv2%2Fmedia&parent=201625"}],"wp:term":[{"taxonomy":"category","embeddable":true,"href":"https:\/\/archive.sana.sy\/es\/index.php?rest_route=%2Fwp%2Fv2%2Fcategories&post=201625"},{"taxonomy":"post_tag","embeddable":true,"href":"https:\/\/archive.sana.sy\/es\/index.php?rest_route=%2Fwp%2Fv2%2Ftags&post=201625"}],"curies":[{"name":"wp","href":"https:\/\/api.w.org\/{rel}","templated":true}]}}