{"id":201674,"date":"2021-10-17T17:09:18","date_gmt":"2021-10-17T14:09:18","guid":{"rendered":"http:\/\/107.6.182.27\/es\/?p=201674"},"modified":"2023-01-12T14:40:05","modified_gmt":"2023-01-12T12:40:05","slug":"ocupacion-israeli-pretende-cambiar-la-realidad-de-cisjordania-denuncia-la-cancilleria-palestina","status":"publish","type":"post","link":"https:\/\/archive.sana.sy\/es\/?p=201674","title":{"rendered":"Ocupaci\u00f3n Israel\u00ed pretende cambiar la realidad de Cisjordania, denuncia la Canciller\u00eda palestina"},"content":{"rendered":"<p style=\"text-align: justify;\"><span style=\"color: #800000;\"><strong>Jerusal\u00e9n ocupada, 17 oct (SANA)<\/strong><\/span><\/p>\n<p style=\"text-align: justify;\">El Ministerio de Exteriores de Palestina denunci\u00f3 hoy que la ocupaci\u00f3n israel\u00ed busca cambiar la realidad hist\u00f3rica, jur\u00eddica y demogr\u00e1fica de la Ribera Occidental para aplicar sus planes colonialistas de anexi\u00f3n.<\/p>\n<p style=\"text-align: justify;\">&#8220;Lo que llevan a cabo diariamente las autoridades de ocupaci\u00f3n en t\u00e9rminos de la expansi\u00f3n de los asentamientos y la judaizaci\u00f3n de Jerusal\u00e9n, as\u00ed como la depuraci\u00f3n \u00e9tnica y el desplazamiento forzado de los palestinos, son un intento de aplicar gradualmente los planes de anexi\u00f3n e impedir la viabilidad de un estado palestino independiente dentro de los l\u00edmites del 4 de junio de 1967 con Jerusal\u00e9n como su capital&#8221;, cit\u00f3 la agencia WAFA a un comunicado emitido hoy por la canciller\u00eda palestina.<\/p>\n<p style=\"text-align: justify;\">Asimismo, advirti\u00f3 que la comunidad internacional debe estar consciente de la gravedad de los intentos de liquidar la causa palestina, y trabajar para detenerlos debido a sus catastr\u00f3ficas consecuencias para la seguridad de la regi\u00f3n.<\/p>\n<p style=\"text-align: justify;\"><strong>ah\/rsh<\/strong><\/p>\n","protected":false},"excerpt":{"rendered":"<p>Jerusal\u00e9n ocupada, 17 oct (SANA) El Ministerio de Exteriores de Palestina denunci\u00f3 hoy que la ocupaci\u00f3n israel\u00ed busca cambiar la realidad hist\u00f3rica, jur\u00eddica y demogr\u00e1fica de la Ribera Occidental para aplicar sus planes colonialistas de anexi\u00f3n. &#8220;Lo que llevan a cabo diariamente las autoridades de ocupaci\u00f3n en t\u00e9rminos de la expansi\u00f3n de los asentamientos y &hellip;<\/p>\n","protected":false},"author":30,"featured_media":201676,"comment_status":"closed","ping_status":"closed","sticky":false,"template":"","format":"standard","meta":{"footnotes":""},"categories":[597,456],"tags":[19765,19764],"class_list":["post-201674","post","type-post","status-publish","format-standard","has-post-thumbnail","","category-cinta-de-noticias","category-arabe-internacional-politica","tag-denuncia-la-cancilleria-palestina","tag-ocupacion-israeli-pretende-cambiar-la-realidad-de-cisjordania"],"_links":{"self":[{"href":"https:\/\/archive.sana.sy\/es\/index.php?rest_route=\/wp\/v2\/posts\/201674"}],"collection":[{"href":"https:\/\/archive.sana.sy\/es\/index.php?rest_route=\/wp\/v2\/posts"}],"about":[{"href":"https:\/\/archive.sana.sy\/es\/index.php?rest_route=\/wp\/v2\/types\/post"}],"author":[{"embeddable":true,"href":"https:\/\/archive.sana.sy\/es\/index.php?rest_route=\/wp\/v2\/users\/30"}],"replies":[{"embeddable":true,"href":"https:\/\/archive.sana.sy\/es\/index.php?rest_route=%2Fwp%2Fv2%2Fcomments&post=201674"}],"version-history":[{"count":0,"href":"https:\/\/archive.sana.sy\/es\/index.php?rest_route=\/wp\/v2\/posts\/201674\/revisions"}],"wp:featuredmedia":[{"embeddable":true,"href":"https:\/\/archive.sana.sy\/es\/index.php?rest_route=\/wp\/v2\/media\/201676"}],"wp:attachment":[{"href":"https:\/\/archive.sana.sy\/es\/index.php?rest_route=%2Fwp%2Fv2%2Fmedia&parent=201674"}],"wp:term":[{"taxonomy":"category","embeddable":true,"href":"https:\/\/archive.sana.sy\/es\/index.php?rest_route=%2Fwp%2Fv2%2Fcategories&post=201674"},{"taxonomy":"post_tag","embeddable":true,"href":"https:\/\/archive.sana.sy\/es\/index.php?rest_route=%2Fwp%2Fv2%2Ftags&post=201674"}],"curies":[{"name":"wp","href":"https:\/\/api.w.org\/{rel}","templated":true}]}}