{"id":20185,"date":"2015-03-25T21:31:24","date_gmt":"2015-03-25T19:31:24","guid":{"rendered":"http:\/\/www.sana.sy\/es\/?p=20185"},"modified":"2015-03-25T21:31:24","modified_gmt":"2015-03-25T19:31:24","slug":"la-conferencia-de-los-partidos-arabes-es-indivisible-la-batalla-contra-el-terrorismo-en-el-mundo-arabe-y-en-la-region","status":"publish","type":"post","link":"https:\/\/archive.sana.sy\/es\/?p=20185","title":{"rendered":"La Conferencia de los Partidos  \u00c1rabes: es indivisible la batalla contra el terrorismo en el mundo \u00e1rabe y en la regi\u00f3n"},"content":{"rendered":"<p style=\"text-align: justify\"><span style=\"color: #0000ff\">Beirut-SANA<\/span><\/p>\n<p>El Secretario General de la Conferencia de las Partidos\u00a0 \u00c1rabes, Qassem Saleh, ha destacado la importancia de la cooperaci\u00f3n y la coordinaci\u00f3n\u00a0 frente a la amenaza terrorista en los pa\u00edses del mundo \u00e1rabe y otros pa\u00edses de la regi\u00f3n.<\/p>\n<p>Saleh en un comunicado el martes conden\u00f3\u00a0 los ataques terroristas en Siria, Irak y Yemen, y\u00a0 a\u00f1adi\u00f3 que el terrorismo que golpea a los pa\u00edses \u00e1rabes tiene como objetivo socavar la naci\u00f3n \u00e1rabe en su conjunto y dividirla\u00a0 en base de l\u00edneas doctrinales, \u00e9tnicas y sectarias, un asunto que altamente sirve al proyecto estadounidense-sionista.<\/p>\n<p>Saleh llam\u00f3 para formar un\u00a0 frente popular \u00e1rabe para enfrentar\u00a0 el terrorismo\u00a0 y que debe incluir a todos los partidos, las fuerzas y personalidades nacionales en el mundo \u00e1rabe e isl\u00e1mico.<\/p>\n<p><span style=\"color: #800000\">M.Miri, Riad.Sh<\/span><\/p>\n","protected":false},"excerpt":{"rendered":"<p>Beirut-SANA El Secretario General de la Conferencia de las Partidos\u00a0 \u00c1rabes, Qassem Saleh, ha destacado la importancia de la cooperaci\u00f3n y la coordinaci\u00f3n\u00a0 frente a la amenaza terrorista en los pa\u00edses del mundo \u00e1rabe y otros pa\u00edses de la regi\u00f3n. Saleh en un comunicado el martes conden\u00f3\u00a0 los ataques terroristas en Siria, Irak y Yemen, &hellip;<\/p>\n","protected":false},"author":1,"featured_media":20186,"comment_status":"closed","ping_status":"closed","sticky":false,"template":"","format":"standard","meta":{"footnotes":""},"categories":[477,597,456,476,457,576],"tags":[4570],"class_list":["post-20185","post","type-post","status-publish","format-standard","has-post-thumbnail","","category-noticias-edulcorantes","category-cinta-de-noticias","category-arabe-internacional-politica","category-locales","category-noticias-arabe-internacional-politica","category-noticias-politicas","tag-la-conferencia-de-los-partidos-arabes-es-indivisible-la-batalla-contra-el-terrorismo-en-el-mundo-arabe-y-en-la-region"],"_links":{"self":[{"href":"https:\/\/archive.sana.sy\/es\/index.php?rest_route=\/wp\/v2\/posts\/20185"}],"collection":[{"href":"https:\/\/archive.sana.sy\/es\/index.php?rest_route=\/wp\/v2\/posts"}],"about":[{"href":"https:\/\/archive.sana.sy\/es\/index.php?rest_route=\/wp\/v2\/types\/post"}],"author":[{"embeddable":true,"href":"https:\/\/archive.sana.sy\/es\/index.php?rest_route=\/wp\/v2\/users\/1"}],"replies":[{"embeddable":true,"href":"https:\/\/archive.sana.sy\/es\/index.php?rest_route=%2Fwp%2Fv2%2Fcomments&post=20185"}],"version-history":[{"count":0,"href":"https:\/\/archive.sana.sy\/es\/index.php?rest_route=\/wp\/v2\/posts\/20185\/revisions"}],"wp:featuredmedia":[{"embeddable":true,"href":"https:\/\/archive.sana.sy\/es\/index.php?rest_route=\/wp\/v2\/media\/20186"}],"wp:attachment":[{"href":"https:\/\/archive.sana.sy\/es\/index.php?rest_route=%2Fwp%2Fv2%2Fmedia&parent=20185"}],"wp:term":[{"taxonomy":"category","embeddable":true,"href":"https:\/\/archive.sana.sy\/es\/index.php?rest_route=%2Fwp%2Fv2%2Fcategories&post=20185"},{"taxonomy":"post_tag","embeddable":true,"href":"https:\/\/archive.sana.sy\/es\/index.php?rest_route=%2Fwp%2Fv2%2Ftags&post=20185"}],"curies":[{"name":"wp","href":"https:\/\/api.w.org\/{rel}","templated":true}]}}