{"id":202079,"date":"2021-10-20T16:26:28","date_gmt":"2021-10-20T13:26:28","guid":{"rendered":"http:\/\/107.6.182.27\/es\/?p=202079"},"modified":"2021-10-20T18:05:35","modified_gmt":"2021-10-20T15:05:35","slug":"siria-exige-el-cese-inmediato-de-las-violaciones-israelies-contra-connacionales-del-golan-sirio-ocupado","status":"publish","type":"post","link":"https:\/\/archive.sana.sy\/es\/?p=202079","title":{"rendered":"Siria exige el cese inmediato de las violaciones israel\u00edes contra connacionales del Gol\u00e1n sirio ocupado"},"content":{"rendered":"<p style=\"text-align: justify\"><span style=\"color: #800000\"><strong>Nueva York, 20 oct (SANA)-<\/strong><\/span> Siria exigi\u00f3 de nuevo al Consejo de Seguridad de la ONU asumir sus responsabilidades y presionar al ocupante israel\u00ed para que cese sus violaciones y pr\u00e1cticas inhumanas contra los connacionales del Gol\u00e1n sirio ocupado.<\/p>\n<p style=\"text-align: justify\">Durante una sesi\u00f3n del CSNU sobre la situaci\u00f3n en Oriente Medio, el embajador de Siria ante la organizaci\u00f3n internacional, Bassam Sabbagh enfatiz\u00f3 que Siria recuperar\u00e1 el Gol\u00e1n &#8220;a la corta o a la larga\u201d, y denunci\u00f3 que todas las medidas tomadas por la potencia ocupante son nulas y sin efecto.<\/p>\n<p style=\"text-align: justify\">Sabbagh fustig\u00f3 que el crimen de asesinar a disparos al combatiente sirio Medhat al-Saleh el s\u00e1bado pasado desde el interior del Gol\u00e1n sirio representa una violaci\u00f3n flagrante del Acuerdo de Separaci\u00f3n de Fuerzas de 1974 y de las resoluciones de las Naciones Unidas sobre este territorio sirio ocupado.<\/p>\n<p style=\"text-align: justify\">Denunci\u00f3 que las declaraciones hostiles del Primer Ministro del ente israel\u00ed sobre la intenci\u00f3n de aumentar el n\u00famero de asentamientos mediante establecer 7 mil unidades m\u00e1s en el territorio del Gol\u00e1n con el fin de subir el n\u00famero de colonos de 40 a 100 mil \u201cse trata de un intento de cambiar la \u00edndole demogr\u00e1fica del Gol\u00e1n sirio ocupado y de prolongar la ocupaci\u00f3n\u201d.<\/p>\n<p style=\"text-align: justify\">\u201cSiria condena en los t\u00e9rminos m\u00e1s en\u00e9rgicos todos estos cr\u00edmenes, pr\u00e1cticas agresivas y declaraciones provocativas, y afirma que todo esto no cambiar\u00e1 el hecho de que el Gol\u00e1n era y seguir\u00e1 siendo una tierra \u00e1rabe siria, regresar\u00e1 no cabe duda a la patria\u201d, subray\u00f3.<\/p>\n<p style=\"text-align: justify\">Sabbagh inst\u00f3 al Consejo de Seguridad asumir sus responsabilidades y ejercer presi\u00f3n sobre el ocupante israel\u00ed para que detenga sus violaciones y pr\u00e1cticas ilegales contra el pueblo del Gol\u00e1n sirio ocupado, incluidos los asesinatos, arrestos y confiscaci\u00f3n de propiedades. En este contexto destac\u00f3 la necesidad de que el ocupante abriera de inmediato y sin demora, el cruce de Quneitra, que representa la arteria que conecta el pueblo del Gol\u00e1n sirio ocupado con la madre patria.<\/p>\n<p style=\"text-align: justify\">En otro marco, enfatiz\u00f3 que la Causa Palestina es la cuesti\u00f3n nacional y principal de Siria, pa\u00eds \u201cque no ha escatimado ni escatimar\u00e1 esfuerzos para apoyar al hermano pueblo palestino en su lucha por recuperar su territorio ocupado y sus derechos usurpados\u201d.<\/p>\n<p style=\"text-align: justify\">Concluy\u00f3 que los cr\u00edmenes israel\u00edes no deben permanecer impunes, y exigi\u00f3 al CSNU que obligue al ocupante a cesar sus salvajadas contra el pueblo palestino, y que responsabilice a los pa\u00edses que brindan apoyo al mismo.<\/p>\n<p style=\"text-align: justify\">la<\/p>\n","protected":false},"excerpt":{"rendered":"<p>Nueva York, 20 oct (SANA)- Siria exigi\u00f3 de nuevo al Consejo de Seguridad de la ONU asumir sus responsabilidades y presionar al ocupante israel\u00ed para que cese sus violaciones y pr\u00e1cticas inhumanas contra los connacionales del Gol\u00e1n sirio ocupado. Durante una sesi\u00f3n del CSNU sobre la situaci\u00f3n en Oriente Medio, el embajador de Siria ante &hellip;<\/p>\n","protected":false},"author":24,"featured_media":198996,"comment_status":"closed","ping_status":"closed","sticky":false,"template":"","format":"standard","meta":{"footnotes":""},"categories":[597,467,583],"tags":[],"class_list":["post-202079","post","type-post","status-publish","format-standard","has-post-thumbnail","","category-cinta-de-noticias","category-siria-y-el-mundo","category-slide"],"_links":{"self":[{"href":"https:\/\/archive.sana.sy\/es\/index.php?rest_route=\/wp\/v2\/posts\/202079"}],"collection":[{"href":"https:\/\/archive.sana.sy\/es\/index.php?rest_route=\/wp\/v2\/posts"}],"about":[{"href":"https:\/\/archive.sana.sy\/es\/index.php?rest_route=\/wp\/v2\/types\/post"}],"author":[{"embeddable":true,"href":"https:\/\/archive.sana.sy\/es\/index.php?rest_route=\/wp\/v2\/users\/24"}],"replies":[{"embeddable":true,"href":"https:\/\/archive.sana.sy\/es\/index.php?rest_route=%2Fwp%2Fv2%2Fcomments&post=202079"}],"version-history":[{"count":0,"href":"https:\/\/archive.sana.sy\/es\/index.php?rest_route=\/wp\/v2\/posts\/202079\/revisions"}],"wp:featuredmedia":[{"embeddable":true,"href":"https:\/\/archive.sana.sy\/es\/index.php?rest_route=\/wp\/v2\/media\/198996"}],"wp:attachment":[{"href":"https:\/\/archive.sana.sy\/es\/index.php?rest_route=%2Fwp%2Fv2%2Fmedia&parent=202079"}],"wp:term":[{"taxonomy":"category","embeddable":true,"href":"https:\/\/archive.sana.sy\/es\/index.php?rest_route=%2Fwp%2Fv2%2Fcategories&post=202079"},{"taxonomy":"post_tag","embeddable":true,"href":"https:\/\/archive.sana.sy\/es\/index.php?rest_route=%2Fwp%2Fv2%2Ftags&post=202079"}],"curies":[{"name":"wp","href":"https:\/\/api.w.org\/{rel}","templated":true}]}}