{"id":202102,"date":"2021-10-20T15:15:21","date_gmt":"2021-10-20T12:15:21","guid":{"rendered":"http:\/\/107.6.182.27\/es\/?p=202102"},"modified":"2023-01-10T14:25:07","modified_gmt":"2023-01-10T12:25:07","slug":"una-mujer-siria-demuestra-su-eficiencia-en-el-sector-maritimo","status":"publish","type":"post","link":"https:\/\/archive.sana.sy\/es\/?p=202102","title":{"rendered":"Una mujer siria demuestra su eficiencia en el sector mar\u00edtimo"},"content":{"rendered":"<p style=\"text-align: justify\"><span style=\"color: #800000\"><strong>Latakia, 20 oct (SANA)-<\/strong> <\/span>La mujer siria ha demostrado su presencia en todos los sectores, incluido el transporte mar\u00edtimo.<\/p>\n<p style=\"text-align: justify\">La ingeniera Bushra Nassif, ha logrado ser un elemento destacado entre la tripulaci\u00f3n de una embarcaci\u00f3n de la Compa\u00f1\u00eda General de Transporte Mar\u00edtimo.<\/p>\n<p style=\"text-align: justify\">\u201cEsta profesi\u00f3n ya no es solo para hombres\u201d, dice Nassif quien trabaj\u00f3 codo a codo con los ingenieros y marineros a bordo de la referida nave en su \u00faltimo viaje.<\/p>\n<p style=\"text-align: justify\">Este paso tiene como objetivo vincular el sector de administraci\u00f3n con el profesional, explic\u00f3 y precis\u00f3 que su contribuci\u00f3n va en el marco de las instrucciones de la Organizaci\u00f3n Mar\u00edtima Internacional \u201cOMI\u201d y la encuesta lanzada a principios de este a\u00f1o en cooperaci\u00f3n con la Asociaci\u00f3n Internacional de Mujeres en el Sector del Comercio y el Transporte Mar\u00edtimo (WISTA International) sobre el n\u00famero de mujeres en el sector mar\u00edtimo y los puestos que ocupan.<\/p>\n<p style=\"text-align: justify\">Expres\u00f3 la disposici\u00f3n del Ministerio de Transporte para trabajar de acuerdo con la encuesta en el marco de elaborar una base de datos de las mujeres sirias que son profesionales en el sector mar\u00edtimo y empoderar su papel en esta industria.<\/p>\n<div id='gallery-1' class='gallery galleryid-202102 gallery-columns-1 gallery-size-full'><figure class='gallery-item'>\n\t\t\t<div class='gallery-icon landscape'>\n\t\t\t\t<a href='https:\/\/archive.sana.sy\/es\/wp-content\/uploads\/2021\/10\/Mujer-siria-sector-maritimo-1.jpg'><img loading=\"lazy\" decoding=\"async\" width=\"660\" height=\"370\" src=\"https:\/\/archive.sana.sy\/es\/wp-content\/uploads\/2021\/10\/Mujer-siria-sector-maritimo-1.jpg\" class=\"attachment-full size-full\" alt=\"\" srcset=\"https:\/\/archive.sana.sy\/es\/wp-content\/uploads\/2021\/10\/Mujer-siria-sector-maritimo-1.jpg 660w, https:\/\/archive.sana.sy\/es\/wp-content\/uploads\/2021\/10\/Mujer-siria-sector-maritimo-1-300x168.jpg 300w, https:\/\/archive.sana.sy\/es\/wp-content\/uploads\/2021\/10\/Mujer-siria-sector-maritimo-1-150x84.jpg 150w\" sizes=\"(max-width: 660px) 100vw, 660px\" \/><\/a>\n\t\t\t<\/div><\/figure><figure class='gallery-item'>\n\t\t\t<div class='gallery-icon landscape'>\n\t\t\t\t<a href='https:\/\/archive.sana.sy\/es\/wp-content\/uploads\/2021\/10\/Mujer-siria-sector-maritimo-2.jpg'><img loading=\"lazy\" decoding=\"async\" width=\"660\" height=\"370\" src=\"https:\/\/archive.sana.sy\/es\/wp-content\/uploads\/2021\/10\/Mujer-siria-sector-maritimo-2.jpg\" class=\"attachment-full size-full\" alt=\"\" srcset=\"https:\/\/archive.sana.sy\/es\/wp-content\/uploads\/2021\/10\/Mujer-siria-sector-maritimo-2.jpg 660w, https:\/\/archive.sana.sy\/es\/wp-content\/uploads\/2021\/10\/Mujer-siria-sector-maritimo-2-300x168.jpg 300w, https:\/\/archive.sana.sy\/es\/wp-content\/uploads\/2021\/10\/Mujer-siria-sector-maritimo-2-150x84.jpg 150w\" sizes=\"(max-width: 660px) 100vw, 660px\" \/><\/a>\n\t\t\t<\/div><\/figure><figure class='gallery-item'>\n\t\t\t<div class='gallery-icon landscape'>\n\t\t\t\t<a href='https:\/\/archive.sana.sy\/es\/wp-content\/uploads\/2021\/10\/Mujer-siria-sector-maritimo-3.jpg'><img loading=\"lazy\" decoding=\"async\" width=\"660\" height=\"440\" src=\"https:\/\/archive.sana.sy\/es\/wp-content\/uploads\/2021\/10\/Mujer-siria-sector-maritimo-3.jpg\" class=\"attachment-full size-full\" alt=\"\" srcset=\"https:\/\/archive.sana.sy\/es\/wp-content\/uploads\/2021\/10\/Mujer-siria-sector-maritimo-3.jpg 660w, https:\/\/archive.sana.sy\/es\/wp-content\/uploads\/2021\/10\/Mujer-siria-sector-maritimo-3-300x200.jpg 300w, https:\/\/archive.sana.sy\/es\/wp-content\/uploads\/2021\/10\/Mujer-siria-sector-maritimo-3-150x100.jpg 150w\" sizes=\"(max-width: 660px) 100vw, 660px\" \/><\/a>\n\t\t\t<\/div><\/figure><figure class='gallery-item'>\n\t\t\t<div class='gallery-icon landscape'>\n\t\t\t\t<a href='https:\/\/archive.sana.sy\/es\/wp-content\/uploads\/2021\/10\/Mujer-siria-sector-maritimo-4.jpg'><img loading=\"lazy\" decoding=\"async\" width=\"660\" height=\"440\" src=\"https:\/\/archive.sana.sy\/es\/wp-content\/uploads\/2021\/10\/Mujer-siria-sector-maritimo-4.jpg\" class=\"attachment-full size-full\" alt=\"\" srcset=\"https:\/\/archive.sana.sy\/es\/wp-content\/uploads\/2021\/10\/Mujer-siria-sector-maritimo-4.jpg 660w, https:\/\/archive.sana.sy\/es\/wp-content\/uploads\/2021\/10\/Mujer-siria-sector-maritimo-4-300x200.jpg 300w, https:\/\/archive.sana.sy\/es\/wp-content\/uploads\/2021\/10\/Mujer-siria-sector-maritimo-4-150x100.jpg 150w\" sizes=\"(max-width: 660px) 100vw, 660px\" \/><\/a>\n\t\t\t<\/div><\/figure>\n\t\t<\/div>\n\n<p style=\"text-align: justify\">la<\/p>\n","protected":false},"excerpt":{"rendered":"<p>Latakia, 20 oct (SANA)- La mujer siria ha demostrado su presencia en todos los sectores, incluido el transporte mar\u00edtimo. La ingeniera Bushra Nassif, ha logrado ser un elemento destacado entre la tripulaci\u00f3n de una embarcaci\u00f3n de la Compa\u00f1\u00eda General de Transporte Mar\u00edtimo. \u201cEsta profesi\u00f3n ya no es solo para hombres\u201d, dice Nassif quien trabaj\u00f3 codo &hellip;<\/p>\n","protected":false},"author":24,"featured_media":202105,"comment_status":"closed","ping_status":"closed","sticky":false,"template":"","format":"standard","meta":{"footnotes":""},"categories":[447,597,19549,583],"tags":[],"class_list":["post-202102","post","type-post","status-publish","format-standard","has-post-thumbnail","","category-local-politica","category-cinta-de-noticias","category-ellas","category-slide"],"_links":{"self":[{"href":"https:\/\/archive.sana.sy\/es\/index.php?rest_route=\/wp\/v2\/posts\/202102"}],"collection":[{"href":"https:\/\/archive.sana.sy\/es\/index.php?rest_route=\/wp\/v2\/posts"}],"about":[{"href":"https:\/\/archive.sana.sy\/es\/index.php?rest_route=\/wp\/v2\/types\/post"}],"author":[{"embeddable":true,"href":"https:\/\/archive.sana.sy\/es\/index.php?rest_route=\/wp\/v2\/users\/24"}],"replies":[{"embeddable":true,"href":"https:\/\/archive.sana.sy\/es\/index.php?rest_route=%2Fwp%2Fv2%2Fcomments&post=202102"}],"version-history":[{"count":0,"href":"https:\/\/archive.sana.sy\/es\/index.php?rest_route=\/wp\/v2\/posts\/202102\/revisions"}],"wp:featuredmedia":[{"embeddable":true,"href":"https:\/\/archive.sana.sy\/es\/index.php?rest_route=\/wp\/v2\/media\/202105"}],"wp:attachment":[{"href":"https:\/\/archive.sana.sy\/es\/index.php?rest_route=%2Fwp%2Fv2%2Fmedia&parent=202102"}],"wp:term":[{"taxonomy":"category","embeddable":true,"href":"https:\/\/archive.sana.sy\/es\/index.php?rest_route=%2Fwp%2Fv2%2Fcategories&post=202102"},{"taxonomy":"post_tag","embeddable":true,"href":"https:\/\/archive.sana.sy\/es\/index.php?rest_route=%2Fwp%2Fv2%2Ftags&post=202102"}],"curies":[{"name":"wp","href":"https:\/\/api.w.org\/{rel}","templated":true}]}}