{"id":202124,"date":"2021-10-20T20:32:36","date_gmt":"2021-10-20T17:32:36","guid":{"rendered":"http:\/\/107.6.182.27\/es\/?p=202124"},"modified":"2023-01-10T14:25:05","modified_gmt":"2023-01-10T12:25:05","slug":"atentado-terrorista-en-damasco-busca-levantar-la-moral-de-los-terroristas-que-reciben-duros-golpes-a-manos-del-ejercito-sirio","status":"publish","type":"post","link":"https:\/\/archive.sana.sy\/es\/?p=202124","title":{"rendered":"Atentados terroristas no lograr\u00e1n interrumpir la lucha de Siria contra el terrorismo, afirma Canciller\u00eda"},"content":{"rendered":"<p style=\"text-align: justify\"><span style=\"color: #800000\"><strong>Damasco, 20 oct (SANA)-<\/strong> <\/span>El Ministerio de Relaciones Exteriores y Expatriados confirm\u00f3 que el atentado terrorista que apunt\u00f3 esta ma\u00f1ana contra un autob\u00fas militar en Damasco y se produjo en un lugar bien concurrido va en el marco de los continuos intentos de los patrocinadores del terrorismo para levantar la moral de las organizaciones terroristas especialmente las que operan en Idleb y reciben duros golpes a manos del Ej\u00e9rcito sirio.<\/p>\n<p style=\"text-align: justify\">Aclar\u00f3 que el momento en el que se produce este acto terrorista desvela una vez m\u00e1s la agenda pol\u00edtica de sus patrocinadores, que tiene como objetivo apuntar al pueblo y los recursos de Siria.<\/p>\n<p style=\"text-align: justify\">Agreg\u00f3 que el atentado terrorista coincide con otros actos iguales destinados a alterar la estabilidad de los pueblos y pa\u00edses de la regi\u00f3n a servicio de la entidad israel\u00ed y los esquemas de los patrocinadores del terrorismo que buscan utilizar el terrorismo como arma pol\u00edtica criminal para lograr objetivos injerencistas despreciables en los asuntos internos de Siria y los pa\u00edses de la regi\u00f3n.<\/p>\n<p style=\"text-align: justify\">\u201cEl gobierno sirio confirma que tales actos terroristas no lograr\u00e1n interrumpir su lucha contra el terrorismo y trabajo por restaurar la seguridad y la estabilidad de Siria y su pueblo\u201d, destac\u00f3.<\/p>\n<p style=\"text-align: justify\">\u201cSiria exige a la comunidad internacional y al Secretario General de las Naciones Unidas condenar este atentado terrorista y tomar medidas disuasorias contra los pa\u00edses que apoyan y financian el terrorismo\u201d, concluy\u00f3.<\/p>\n<p style=\"text-align: justify\">la<\/p>\n","protected":false},"excerpt":{"rendered":"<p>Damasco, 20 oct (SANA)- El Ministerio de Relaciones Exteriores y Expatriados confirm\u00f3 que el atentado terrorista que apunt\u00f3 esta ma\u00f1ana contra un autob\u00fas militar en Damasco y se produjo en un lugar bien concurrido va en el marco de los continuos intentos de los patrocinadores del terrorismo para levantar la moral de las organizaciones terroristas &hellip;<\/p>\n","protected":false},"author":24,"featured_media":202125,"comment_status":"closed","ping_status":"closed","sticky":false,"template":"","format":"standard","meta":{"footnotes":""},"categories":[447,597,476,7541],"tags":[],"class_list":["post-202124","post","type-post","status-publish","format-standard","has-post-thumbnail","","category-local-politica","category-cinta-de-noticias","category-locales","category-ultimas-noticias"],"_links":{"self":[{"href":"https:\/\/archive.sana.sy\/es\/index.php?rest_route=\/wp\/v2\/posts\/202124"}],"collection":[{"href":"https:\/\/archive.sana.sy\/es\/index.php?rest_route=\/wp\/v2\/posts"}],"about":[{"href":"https:\/\/archive.sana.sy\/es\/index.php?rest_route=\/wp\/v2\/types\/post"}],"author":[{"embeddable":true,"href":"https:\/\/archive.sana.sy\/es\/index.php?rest_route=\/wp\/v2\/users\/24"}],"replies":[{"embeddable":true,"href":"https:\/\/archive.sana.sy\/es\/index.php?rest_route=%2Fwp%2Fv2%2Fcomments&post=202124"}],"version-history":[{"count":0,"href":"https:\/\/archive.sana.sy\/es\/index.php?rest_route=\/wp\/v2\/posts\/202124\/revisions"}],"wp:featuredmedia":[{"embeddable":true,"href":"https:\/\/archive.sana.sy\/es\/index.php?rest_route=\/wp\/v2\/media\/202125"}],"wp:attachment":[{"href":"https:\/\/archive.sana.sy\/es\/index.php?rest_route=%2Fwp%2Fv2%2Fmedia&parent=202124"}],"wp:term":[{"taxonomy":"category","embeddable":true,"href":"https:\/\/archive.sana.sy\/es\/index.php?rest_route=%2Fwp%2Fv2%2Fcategories&post=202124"},{"taxonomy":"post_tag","embeddable":true,"href":"https:\/\/archive.sana.sy\/es\/index.php?rest_route=%2Fwp%2Fv2%2Ftags&post=202124"}],"curies":[{"name":"wp","href":"https:\/\/api.w.org\/{rel}","templated":true}]}}