{"id":202137,"date":"2021-10-21T10:21:42","date_gmt":"2021-10-21T07:21:42","guid":{"rendered":"http:\/\/107.6.182.27\/es\/?p=202137"},"modified":"2023-01-10T14:25:04","modified_gmt":"2023-01-10T12:25:04","slug":"confirman-ataque-con-misiles-y-drones-contra-base-estadounidense-de-al-tanf-en-siria","status":"publish","type":"post","link":"https:\/\/archive.sana.sy\/es\/?p=202137","title":{"rendered":"Confirman ataque con misiles y drones contra base estadounidense de al-Tanf en Siria"},"content":{"rendered":"<p style=\"text-align: justify;\"><span style=\"color: #800000;\"><strong>Homs, 21 oct (SANA)\u00a0 \u00a0<\/strong><\/span>Funcionarios estadounidenses citados por Reuters, confirmaron hoy que la base de al-Tanef de las fuerzas de ocupaci\u00f3n de EE.UU. en el este de la provincia siria de Homs, en la frontera sirio-iraqu\u00ed, fue atacada por varios misiles disparados desde aviones no tripulados.<\/p>\n<p style=\"text-align: justify;\">Fuentes locales y medi\u00e1ticas informaron sobre una serie de explosiones en la base y detallaron que varios drones atacaron con misiles el enclave \u00a0donde se ubican fuerzas estadounidenses.<\/p>\n<p style=\"text-align: justify;\">\u201cEl bombardeo tuvo como objetivo a varios cuarteles generales lo que provoc\u00f3 incendios en los mismos y a\u00fan no se confirm\u00f3 si hubo muertos o heridos entre las fuerzas de ocupaci\u00f3n.<\/p>\n<p style=\"text-align: justify;\">Las fuerzas estadounidenses establecieron la referida base en 2014 con el pretexto de luchar contra la organizaci\u00f3n terrorista Daesh, pero desde ese entonces los hechos confirman esta tropas toman esta base como plataforma para apoyar las organizaciones terroristas, en particular el Daesh, que atacan las posiciones del Ej\u00e9rcito \u00c1rabe Sirio, comunidades civiles e instalaciones vitales en la zona des\u00e9rtica de al-Badieh.<\/p>\n<p style=\"text-align: justify;\">fm<\/p>\n","protected":false},"excerpt":{"rendered":"<p>Homs, 21 oct (SANA)\u00a0 \u00a0Funcionarios estadounidenses citados por Reuters, confirmaron hoy que la base de al-Tanef de las fuerzas de ocupaci\u00f3n de EE.UU. en el este de la provincia siria de Homs, en la frontera sirio-iraqu\u00ed, fue atacada por varios misiles disparados desde aviones no tripulados. Fuentes locales y medi\u00e1ticas informaron sobre una serie de &hellip;<\/p>\n","protected":false},"author":34,"featured_media":202138,"comment_status":"closed","ping_status":"closed","sticky":false,"template":"","format":"standard","meta":{"footnotes":""},"categories":[477,447,597,573,476,457,467,7541],"tags":[],"class_list":["post-202137","post","type-post","status-publish","format-standard","has-post-thumbnail","","category-noticias-edulcorantes","category-local-politica","category-cinta-de-noticias","category-la-realidad-de-los-acontecimientos-en-siria","category-locales","category-noticias-arabe-internacional-politica","category-siria-y-el-mundo","category-ultimas-noticias"],"_links":{"self":[{"href":"https:\/\/archive.sana.sy\/es\/index.php?rest_route=\/wp\/v2\/posts\/202137"}],"collection":[{"href":"https:\/\/archive.sana.sy\/es\/index.php?rest_route=\/wp\/v2\/posts"}],"about":[{"href":"https:\/\/archive.sana.sy\/es\/index.php?rest_route=\/wp\/v2\/types\/post"}],"author":[{"embeddable":true,"href":"https:\/\/archive.sana.sy\/es\/index.php?rest_route=\/wp\/v2\/users\/34"}],"replies":[{"embeddable":true,"href":"https:\/\/archive.sana.sy\/es\/index.php?rest_route=%2Fwp%2Fv2%2Fcomments&post=202137"}],"version-history":[{"count":0,"href":"https:\/\/archive.sana.sy\/es\/index.php?rest_route=\/wp\/v2\/posts\/202137\/revisions"}],"wp:featuredmedia":[{"embeddable":true,"href":"https:\/\/archive.sana.sy\/es\/index.php?rest_route=\/wp\/v2\/media\/202138"}],"wp:attachment":[{"href":"https:\/\/archive.sana.sy\/es\/index.php?rest_route=%2Fwp%2Fv2%2Fmedia&parent=202137"}],"wp:term":[{"taxonomy":"category","embeddable":true,"href":"https:\/\/archive.sana.sy\/es\/index.php?rest_route=%2Fwp%2Fv2%2Fcategories&post=202137"},{"taxonomy":"post_tag","embeddable":true,"href":"https:\/\/archive.sana.sy\/es\/index.php?rest_route=%2Fwp%2Fv2%2Ftags&post=202137"}],"curies":[{"name":"wp","href":"https:\/\/api.w.org\/{rel}","templated":true}]}}