{"id":202143,"date":"2021-10-21T08:35:27","date_gmt":"2021-10-21T05:35:27","guid":{"rendered":"http:\/\/107.6.182.27\/es\/?p=202143"},"modified":"2021-10-21T19:06:50","modified_gmt":"2021-10-21T16:06:50","slug":"titulares-de-la-agencia-sana-21-de-octubre-2021","status":"publish","type":"post","link":"https:\/\/archive.sana.sy\/es\/?p=202143","title":{"rendered":"Titulares de la agencia SANA, 21 de octubre 2021"},"content":{"rendered":"<p><strong><span style=\"color: #800000;\">Damasco, 21 oct (SANA)<\/span><\/strong><\/p>\n<p>???? El presidente al-Assad sostiene una conversaci\u00f3n telef\u00f3nica con Mohammed bin Zayed Al-Nahyan.<\/p>\n<p>???? Fuente militar revela detalles del atentado terrorista que cobr\u00f3 la vida de 14 personas en Damasco.<\/p>\n<p>???? Perseguiremos a los autores del atentado contra el autob\u00fas est\u00e9n donde est\u00e9n, anuncia Ministro del Interior.<\/p>\n<p>???? Reconciliaci\u00f3n propuesta por el Estado se implementa en tres nuevos poblados en Deraa.<\/p>\n<p>???? Milicia separatista aliada de Washington asesina a dos j\u00f3venes en Deir Ezzor.<\/p>\n<p>???? Mueren dos armados de la milicia FDS en ataques de grupos populares en Hasakeh.<\/p>\n<p>???? Convoy estadounidense de 150 camiones sale del territorio sirio.<\/p>\n<p>???? Confirman ataque con misiles y drones contra base estadounidense de al-Tanf en Siria.<\/p>\n<p>???? Siria reafirma que seguir\u00e1 luchando contra el terrorismo hasta su erradicaci\u00f3n.<\/p>\n<p>???? Gabinete condena atentado terrorista en Damasco y aprueba varios proyectos.<\/p>\n<p>???? Rusia e Ir\u00e1n condenan atentado terrorista contra autob\u00fas en Damasco.<\/p>\n<p>???? Siria exige el cese inmediato de las violaciones israel\u00edes contra connacionales del Gol\u00e1n sirio ocupado.<\/p>\n<p>???? Resoluci\u00f3n para crear el Consejo Empresarial Sirio-Emirat\u00ed.<\/p>\n<p>???? Razan Alqudsi, una excepcional laudista siria y maestra de orquesta.<\/p>\n<p>???? Una mujer siria demuestra su eficiencia en el sector mar\u00edtimo.<\/p>\n<p>???? Al-Mekdad recibe credenciales de la nueva Embajadora de Rep\u00fablica Popular de Bangladesh.<\/p>\n<p>???? Atentados terroristas no lograr\u00e1n interrumpir la lucha de Siria contra el terrorismo, afirma Canciller\u00eda.<\/p>\n<p>???? Ministerio de Educaci\u00f3n exige hacer cumplir protocolos sanitarios en centros educativos.<\/p>\n<p>???? Cifras actualizadas sobre la situaci\u00f3n de la Covid-19 en Siria<\/p>\n<p>&nbsp;<\/p>\n<p>&nbsp;<\/p>\n","protected":false},"excerpt":{"rendered":"<p>Damasco, 21 oct (SANA) ???? El presidente al-Assad sostiene una conversaci\u00f3n telef\u00f3nica con Mohammed bin Zayed Al-Nahyan. ???? Fuente militar revela detalles del atentado terrorista que cobr\u00f3 la vida de 14 personas en Damasco. ???? Perseguiremos a los autores del atentado contra el autob\u00fas est\u00e9n donde est\u00e9n, anuncia Ministro del Interior. ???? Reconciliaci\u00f3n propuesta por &hellip;<\/p>\n","protected":false},"author":31,"featured_media":202144,"comment_status":"closed","ping_status":"closed","sticky":false,"template":"","format":"standard","meta":{"footnotes":""},"categories":[555,597],"tags":[],"class_list":["post-202143","post","type-post","status-publish","format-standard","has-post-thumbnail","","category-prensa","category-cinta-de-noticias"],"_links":{"self":[{"href":"https:\/\/archive.sana.sy\/es\/index.php?rest_route=\/wp\/v2\/posts\/202143"}],"collection":[{"href":"https:\/\/archive.sana.sy\/es\/index.php?rest_route=\/wp\/v2\/posts"}],"about":[{"href":"https:\/\/archive.sana.sy\/es\/index.php?rest_route=\/wp\/v2\/types\/post"}],"author":[{"embeddable":true,"href":"https:\/\/archive.sana.sy\/es\/index.php?rest_route=\/wp\/v2\/users\/31"}],"replies":[{"embeddable":true,"href":"https:\/\/archive.sana.sy\/es\/index.php?rest_route=%2Fwp%2Fv2%2Fcomments&post=202143"}],"version-history":[{"count":0,"href":"https:\/\/archive.sana.sy\/es\/index.php?rest_route=\/wp\/v2\/posts\/202143\/revisions"}],"wp:featuredmedia":[{"embeddable":true,"href":"https:\/\/archive.sana.sy\/es\/index.php?rest_route=\/wp\/v2\/media\/202144"}],"wp:attachment":[{"href":"https:\/\/archive.sana.sy\/es\/index.php?rest_route=%2Fwp%2Fv2%2Fmedia&parent=202143"}],"wp:term":[{"taxonomy":"category","embeddable":true,"href":"https:\/\/archive.sana.sy\/es\/index.php?rest_route=%2Fwp%2Fv2%2Fcategories&post=202143"},{"taxonomy":"post_tag","embeddable":true,"href":"https:\/\/archive.sana.sy\/es\/index.php?rest_route=%2Fwp%2Fv2%2Ftags&post=202143"}],"curies":[{"name":"wp","href":"https:\/\/api.w.org\/{rel}","templated":true}]}}