{"id":202249,"date":"2021-10-21T21:30:36","date_gmt":"2021-10-21T18:30:36","guid":{"rendered":"http:\/\/107.6.182.27\/es\/?p=202249"},"modified":"2023-01-12T14:40:03","modified_gmt":"2023-01-12T12:40:03","slug":"eeuu-solo-empeoro-la-situacion-en-iraq-y-afganistan-afirma-mandatario-ruso","status":"publish","type":"post","link":"https:\/\/archive.sana.sy\/es\/?p=202249","title":{"rendered":"EEUU s\u00f3lo empeor\u00f3 la situaci\u00f3n en Iraq y Afganist\u00e1n, afirma mandatario ruso"},"content":{"rendered":"<p style=\"text-align: justify;\"><span style=\"color: #800000;\"><strong>Mosc\u00fa, 21 oct (SANA)<\/strong> <\/span>El presidente ruso Vladimir Putin, consider\u00f3 que EE.UU no logr\u00f3 ninguno de sus objetivos durante su guerra de 20 a\u00f1os en Iraq y Afganist\u00e1n, y asegur\u00f3 que la invasi\u00f3n estadounidense da\u00f1\u00f3 a estos dos pa\u00edses y al mismo Washington.<\/p>\n<p style=\"text-align: justify;\">\u201cDurante dos d\u00e9cadas, el pa\u00eds m\u00e1s poderoso del mundo ha estado librando campa\u00f1as militares en dos pa\u00edses que no se pueden comparar de ninguna manera con otros, por eso, EEUU se vio obligado a reducir sus operaciones sin lograr ninguna de las metas que se propuso hace veinte a\u00f1os\u201d, dijo el mandatario ruso en su discurso de hoy al concluir el Foro Internacional Valdai.<\/p>\n<p style=\"text-align: justify;\">Agreg\u00f3 que EEUU no solo perjudic\u00f3 a s\u00ed mismo sino tambi\u00e9n caus\u00f3 un gran da\u00f1o a estos pa\u00edses.<\/p>\n<p style=\"text-align: justify;\"><span style=\"color: #0000ff;\"><strong>sm\/fm<\/strong><\/span><\/p>\n","protected":false},"excerpt":{"rendered":"<p>Mosc\u00fa, 21 oct (SANA) El presidente ruso Vladimir Putin, consider\u00f3 que EE.UU no logr\u00f3 ninguno de sus objetivos durante su guerra de 20 a\u00f1os en Iraq y Afganist\u00e1n, y asegur\u00f3 que la invasi\u00f3n estadounidense da\u00f1\u00f3 a estos dos pa\u00edses y al mismo Washington. \u201cDurante dos d\u00e9cadas, el pa\u00eds m\u00e1s poderoso del mundo ha estado librando &hellip;<\/p>\n","protected":false},"author":39,"featured_media":202250,"comment_status":"closed","ping_status":"closed","sticky":false,"template":"","format":"standard","meta":{"footnotes":""},"categories":[597,456,457],"tags":[19640,19853,5835,19852,7016,19641],"class_list":["post-202249","post","type-post","status-publish","format-standard","has-post-thumbnail","","category-cinta-de-noticias","category-arabe-internacional-politica","category-noticias-arabe-internacional-politica","tag-afganistan","tag-foro-internacional-valdai","tag-iraq","tag-mandatario-ruso","tag-moscu","tag-washington"],"_links":{"self":[{"href":"https:\/\/archive.sana.sy\/es\/index.php?rest_route=\/wp\/v2\/posts\/202249"}],"collection":[{"href":"https:\/\/archive.sana.sy\/es\/index.php?rest_route=\/wp\/v2\/posts"}],"about":[{"href":"https:\/\/archive.sana.sy\/es\/index.php?rest_route=\/wp\/v2\/types\/post"}],"author":[{"embeddable":true,"href":"https:\/\/archive.sana.sy\/es\/index.php?rest_route=\/wp\/v2\/users\/39"}],"replies":[{"embeddable":true,"href":"https:\/\/archive.sana.sy\/es\/index.php?rest_route=%2Fwp%2Fv2%2Fcomments&post=202249"}],"version-history":[{"count":0,"href":"https:\/\/archive.sana.sy\/es\/index.php?rest_route=\/wp\/v2\/posts\/202249\/revisions"}],"wp:featuredmedia":[{"embeddable":true,"href":"https:\/\/archive.sana.sy\/es\/index.php?rest_route=\/wp\/v2\/media\/202250"}],"wp:attachment":[{"href":"https:\/\/archive.sana.sy\/es\/index.php?rest_route=%2Fwp%2Fv2%2Fmedia&parent=202249"}],"wp:term":[{"taxonomy":"category","embeddable":true,"href":"https:\/\/archive.sana.sy\/es\/index.php?rest_route=%2Fwp%2Fv2%2Fcategories&post=202249"},{"taxonomy":"post_tag","embeddable":true,"href":"https:\/\/archive.sana.sy\/es\/index.php?rest_route=%2Fwp%2Fv2%2Ftags&post=202249"}],"curies":[{"name":"wp","href":"https:\/\/api.w.org\/{rel}","templated":true}]}}