{"id":202269,"date":"2021-10-22T08:02:16","date_gmt":"2021-10-22T05:02:16","guid":{"rendered":"http:\/\/107.6.182.27\/es\/?p=202269"},"modified":"2023-01-12T14:40:03","modified_gmt":"2023-01-12T12:40:03","slug":"decenas-de-palestinos-heridos-por-asalto-del-ocupante-israeli-en-jenin","status":"publish","type":"post","link":"https:\/\/archive.sana.sy\/es\/?p=202269","title":{"rendered":"Decenas de palestinos heridos por asalto del ocupante israel\u00ed en Jenin"},"content":{"rendered":"<p style=\"text-align: justify;\"><span style=\"color: #800000;\"><strong>Jerusal\u00e9n ocupada, 21 oct (SANA)<\/strong>\u00a0 \u00a0 <\/span>Decenas de palestinos resultaron heridos durante un asalto de las fuerzas de ocupaci\u00f3n israel\u00edes en Yabad, al suroeste de Jenin en Cisjordania.<\/p>\n<p style=\"text-align: justify;\">La agencia de noticias Wafa inform\u00f3 que los militares israel\u00edes irrumpieron en la localidad y atacaron a los palestinos con balas y botes de gas venenoso, provocando la asfixia de decenas de ellos.<\/p>\n<p style=\"text-align: justify;\">Las tropas sionistas persisten en sus agresiones contra los palestinos con el objetivo de desplazarlos y apoderarse de sus tierras y propiedades.<\/p>\n<p style=\"text-align: justify;\"><strong>fm\/ah<\/strong><\/p>\n","protected":false},"excerpt":{"rendered":"<p>Jerusal\u00e9n ocupada, 21 oct (SANA)\u00a0 \u00a0 Decenas de palestinos resultaron heridos durante un asalto de las fuerzas de ocupaci\u00f3n israel\u00edes en Yabad, al suroeste de Jenin en Cisjordania. La agencia de noticias Wafa inform\u00f3 que los militares israel\u00edes irrumpieron en la localidad y atacaron a los palestinos con balas y botes de gas venenoso, provocando &hellip;<\/p>\n","protected":false},"author":30,"featured_media":202270,"comment_status":"closed","ping_status":"closed","sticky":false,"template":"","format":"standard","meta":{"footnotes":""},"categories":[597,456,457,7541],"tags":[9074,7204,1494],"class_list":["post-202269","post","type-post","status-publish","format-standard","has-post-thumbnail","","category-cinta-de-noticias","category-arabe-internacional-politica","category-noticias-arabe-internacional-politica","category-ultimas-noticias","tag-cisjordania","tag-israel","tag-palestina"],"_links":{"self":[{"href":"https:\/\/archive.sana.sy\/es\/index.php?rest_route=\/wp\/v2\/posts\/202269"}],"collection":[{"href":"https:\/\/archive.sana.sy\/es\/index.php?rest_route=\/wp\/v2\/posts"}],"about":[{"href":"https:\/\/archive.sana.sy\/es\/index.php?rest_route=\/wp\/v2\/types\/post"}],"author":[{"embeddable":true,"href":"https:\/\/archive.sana.sy\/es\/index.php?rest_route=\/wp\/v2\/users\/30"}],"replies":[{"embeddable":true,"href":"https:\/\/archive.sana.sy\/es\/index.php?rest_route=%2Fwp%2Fv2%2Fcomments&post=202269"}],"version-history":[{"count":0,"href":"https:\/\/archive.sana.sy\/es\/index.php?rest_route=\/wp\/v2\/posts\/202269\/revisions"}],"wp:featuredmedia":[{"embeddable":true,"href":"https:\/\/archive.sana.sy\/es\/index.php?rest_route=\/wp\/v2\/media\/202270"}],"wp:attachment":[{"href":"https:\/\/archive.sana.sy\/es\/index.php?rest_route=%2Fwp%2Fv2%2Fmedia&parent=202269"}],"wp:term":[{"taxonomy":"category","embeddable":true,"href":"https:\/\/archive.sana.sy\/es\/index.php?rest_route=%2Fwp%2Fv2%2Fcategories&post=202269"},{"taxonomy":"post_tag","embeddable":true,"href":"https:\/\/archive.sana.sy\/es\/index.php?rest_route=%2Fwp%2Fv2%2Ftags&post=202269"}],"curies":[{"name":"wp","href":"https:\/\/api.w.org\/{rel}","templated":true}]}}