{"id":202276,"date":"2021-10-22T10:20:31","date_gmt":"2021-10-22T07:20:31","guid":{"rendered":"http:\/\/107.6.182.27\/es\/?p=202276"},"modified":"2023-01-12T14:40:03","modified_gmt":"2023-01-12T12:40:03","slug":"gafi-internacional-pone-al-regimen-turco-bajo-vigilancia","status":"publish","type":"post","link":"https:\/\/archive.sana.sy\/es\/?p=202276","title":{"rendered":"GAFI Internacional pone al r\u00e9gimen turco bajo vigilancia"},"content":{"rendered":"<p style=\"text-align: justify;\"><span style=\"color: #800000;\"><strong>Par\u00eds, 22 oct (SANA)\u00a0 \u00a0<\/strong><\/span>El Grupo de Acci\u00f3n Financiera Internacional (GAFI, por sus siglas en ingl\u00e9s) puso la v\u00edspera al r\u00e9gimen turco &#8220;bajo vigilancia&#8221; por cargos de financiaci\u00f3n del terrorismo y la lucha inadecuada contra el lavado de dinero.<\/p>\n<p style=\"text-align: justify;\">&#8220;Todav\u00eda hay serios problemas&#8221; sobre el estatus de Ankara, dijo el presidente del grupo, Marcos Bleier, en una conferencia de prensa, informando sobre el estatus de Turqu\u00eda en la &#8220;lista gris&#8221;.<\/p>\n<p style=\"text-align: justify;\">La inclusi\u00f3n de un pa\u00eds en la lista gris de la organizaci\u00f3n GAFI de 39 miembros crear\u00eda repercusiones negativas en la inversi\u00f3n extranjera, lo que podr\u00eda exacerbar a\u00fan m\u00e1s la profunda crisis econ\u00f3mica de Turqu\u00eda, ya plagada por las pol\u00edticas del r\u00e9gimen turco.<\/p>\n<p style=\"text-align: justify;\">Se comprob\u00f3 en los \u00faltimos a\u00f1os la implicaci\u00f3n del r\u00e9gimen de Erdogan y el gobierno del partido de la Justicia y el Desarrollo en el apoyo, financiaci\u00f3n y proporci\u00f3n de armas a las organizaciones terroristas en Siria, as\u00ed como en hacer de Turqu\u00eda una ruta de tr\u00e1nsito para miles de terroristas de todo el mundo hacia territorio sirio.<\/p>\n<p style=\"text-align: justify;\"><strong>ah\/fm<\/strong><\/p>\n","protected":false},"excerpt":{"rendered":"<p>Par\u00eds, 22 oct (SANA)\u00a0 \u00a0El Grupo de Acci\u00f3n Financiera Internacional (GAFI, por sus siglas en ingl\u00e9s) puso la v\u00edspera al r\u00e9gimen turco &#8220;bajo vigilancia&#8221; por cargos de financiaci\u00f3n del terrorismo y la lucha inadecuada contra el lavado de dinero. &#8220;Todav\u00eda hay serios problemas&#8221; sobre el estatus de Ankara, dijo el presidente del grupo, Marcos Bleier, &hellip;<\/p>\n","protected":false},"author":30,"featured_media":202277,"comment_status":"closed","ping_status":"closed","sticky":false,"template":"","format":"standard","meta":{"footnotes":""},"categories":[597,456],"tags":[19860,17650,19861,6553,7512],"class_list":["post-202276","post","type-post","status-publish","format-standard","has-post-thumbnail","","category-cinta-de-noticias","category-arabe-internacional-politica","tag-economia","tag-erdogan","tag-gafi","tag-siria","tag-turquia"],"_links":{"self":[{"href":"https:\/\/archive.sana.sy\/es\/index.php?rest_route=\/wp\/v2\/posts\/202276"}],"collection":[{"href":"https:\/\/archive.sana.sy\/es\/index.php?rest_route=\/wp\/v2\/posts"}],"about":[{"href":"https:\/\/archive.sana.sy\/es\/index.php?rest_route=\/wp\/v2\/types\/post"}],"author":[{"embeddable":true,"href":"https:\/\/archive.sana.sy\/es\/index.php?rest_route=\/wp\/v2\/users\/30"}],"replies":[{"embeddable":true,"href":"https:\/\/archive.sana.sy\/es\/index.php?rest_route=%2Fwp%2Fv2%2Fcomments&post=202276"}],"version-history":[{"count":0,"href":"https:\/\/archive.sana.sy\/es\/index.php?rest_route=\/wp\/v2\/posts\/202276\/revisions"}],"wp:featuredmedia":[{"embeddable":true,"href":"https:\/\/archive.sana.sy\/es\/index.php?rest_route=\/wp\/v2\/media\/202277"}],"wp:attachment":[{"href":"https:\/\/archive.sana.sy\/es\/index.php?rest_route=%2Fwp%2Fv2%2Fmedia&parent=202276"}],"wp:term":[{"taxonomy":"category","embeddable":true,"href":"https:\/\/archive.sana.sy\/es\/index.php?rest_route=%2Fwp%2Fv2%2Fcategories&post=202276"},{"taxonomy":"post_tag","embeddable":true,"href":"https:\/\/archive.sana.sy\/es\/index.php?rest_route=%2Fwp%2Fv2%2Ftags&post=202276"}],"curies":[{"name":"wp","href":"https:\/\/api.w.org\/{rel}","templated":true}]}}