{"id":202297,"date":"2021-10-22T14:38:22","date_gmt":"2021-10-22T11:38:22","guid":{"rendered":"http:\/\/107.6.182.27\/es\/?p=202297"},"modified":"2023-01-10T14:25:02","modified_gmt":"2023-01-10T12:25:02","slug":"conversaciones-economico-comerciales-en-el-pabellon-de-siria-en-expo-dubai-2020","status":"publish","type":"post","link":"https:\/\/archive.sana.sy\/es\/?p=202297","title":{"rendered":"Conversaciones econ\u00f3mico-comerciales en el Pabell\u00f3n de Siria en Expo Dub\u00e1i 2020"},"content":{"rendered":"<p style=\"text-align: justify;\"><span style=\"color: #800000;\"><strong>Dub\u00e1i, 22 oct (SANA)<\/strong><\/span> Los funcionarios de coordinaci\u00f3n comercial del Pabell\u00f3n de Siria en Expo Dub\u00e1i 2020 celebraron una serie de reuniones econ\u00f3micas con representantes de los pabellones de Egipto, L\u00edbano, Argelia, Malasia y Polonia con el objetivo de construir puentes de cooperaci\u00f3n y explorar las oportunidades econ\u00f3micas que ofrece la exposici\u00f3n.<\/p>\n<p style=\"text-align: justify;\"><img loading=\"lazy\" decoding=\"async\" class=\"size-medium wp-image-202299 alignright\" src=\"http:\/\/107.6.182.27\/es\/wp-content\/uploads\/2021\/10\/photo_2021-10-22_11-33-46-300x190.jpg\" alt=\"\" width=\"300\" height=\"190\" srcset=\"https:\/\/archive.sana.sy\/es\/wp-content\/uploads\/2021\/10\/photo_2021-10-22_11-33-46-300x190.jpg 300w, https:\/\/archive.sana.sy\/es\/wp-content\/uploads\/2021\/10\/photo_2021-10-22_11-33-46-1024x649.jpg 1024w, https:\/\/archive.sana.sy\/es\/wp-content\/uploads\/2021\/10\/photo_2021-10-22_11-33-46-150x95.jpg 150w, https:\/\/archive.sana.sy\/es\/wp-content\/uploads\/2021\/10\/photo_2021-10-22_11-33-46-768x487.jpg 768w, https:\/\/archive.sana.sy\/es\/wp-content\/uploads\/2021\/10\/photo_2021-10-22_11-33-46-1536x974.jpg 1536w, https:\/\/archive.sana.sy\/es\/wp-content\/uploads\/2021\/10\/photo_2021-10-22_11-33-46-2048x1298.jpg 2048w\" sizes=\"(max-width: 300px) 100vw, 300px\" \/><\/p>\n<p style=\"text-align: justify;\">Durante la reuni\u00f3n, las discusiones se centraron en el sector de las industrias pesadas a trav\u00e9s de una oferta que present\u00f3 la compa\u00f1\u00eda Isnad, uno de los socios comerciales del pabell\u00f3n, para producir todo tipo de estructuras de acero de alta calidad.<\/p>\n<p style=\"text-align: justify;\">Manaf Arnous, coordinador del sector privado sirio en la secci\u00f3n comercial, dijo que Siria tiene f\u00e1bricas e industrias que la hacen fuerte y distintivamente presente en la Expo 2020.<\/p>\n<p style=\"text-align: justify;\">La reuni\u00f3n es parte de una serie de reuniones y talleres organizados por el Pabell\u00f3n de Siria en Expo Dub\u00e1i 2020 para presentar una panor\u00e1mica sobre las empresas comerciales y sus actividades, y hablar sobre las oportunidades en Siria y la ventaja competitiva de las industrias pesadas en t\u00e9rminos de calidad, costo y precios.<\/p>\n<p style=\"text-align: justify;\"><img loading=\"lazy\" decoding=\"async\" class=\"size-medium wp-image-202300 alignright\" src=\"http:\/\/107.6.182.27\/es\/wp-content\/uploads\/2021\/10\/photo_2021-10-22_11-33-54-300x195.jpg\" alt=\"\" width=\"300\" height=\"195\" srcset=\"https:\/\/archive.sana.sy\/es\/wp-content\/uploads\/2021\/10\/photo_2021-10-22_11-33-54-300x195.jpg 300w, https:\/\/archive.sana.sy\/es\/wp-content\/uploads\/2021\/10\/photo_2021-10-22_11-33-54-1024x664.jpg 1024w, https:\/\/archive.sana.sy\/es\/wp-content\/uploads\/2021\/10\/photo_2021-10-22_11-33-54-150x97.jpg 150w, https:\/\/archive.sana.sy\/es\/wp-content\/uploads\/2021\/10\/photo_2021-10-22_11-33-54-768x498.jpg 768w, https:\/\/archive.sana.sy\/es\/wp-content\/uploads\/2021\/10\/photo_2021-10-22_11-33-54-1536x996.jpg 1536w, https:\/\/archive.sana.sy\/es\/wp-content\/uploads\/2021\/10\/photo_2021-10-22_11-33-54-2048x1328.jpg 2048w\" sizes=\"(max-width: 300px) 100vw, 300px\" \/><\/p>\n<p style=\"text-align: justify;\">El pabell\u00f3n sirio, especialmente la secci\u00f3n comercial, reviste una gran importancia, ya que es una oportunidad para entablar contactos con funcionarios de diferentes pa\u00edses del mundo con el objetivo de dar a conocer m\u00e1s los productos sirios.<\/p>\n<p style=\"text-align: justify;\"><span style=\"color: #0000ff;\"><strong>ah\/rsh<\/strong><\/span><\/p>\n","protected":false},"excerpt":{"rendered":"<p>Dub\u00e1i, 22 oct (SANA) Los funcionarios de coordinaci\u00f3n comercial del Pabell\u00f3n de Siria en Expo Dub\u00e1i 2020 celebraron una serie de reuniones econ\u00f3micas con representantes de los pabellones de Egipto, L\u00edbano, Argelia, Malasia y Polonia con el objetivo de construir puentes de cooperaci\u00f3n y explorar las oportunidades econ\u00f3micas que ofrece la exposici\u00f3n. Durante la reuni\u00f3n, &hellip;<\/p>\n","protected":false},"author":39,"featured_media":202298,"comment_status":"closed","ping_status":"closed","sticky":false,"template":"","format":"standard","meta":{"footnotes":""},"categories":[447,597,457,467,7541],"tags":[19868,19620,19867],"class_list":["post-202297","post","type-post","status-publish","format-standard","has-post-thumbnail","","category-local-politica","category-cinta-de-noticias","category-noticias-arabe-internacional-politica","category-siria-y-el-mundo","category-ultimas-noticias","tag-conversaciones-economico-comerciales","tag-expo-dubai-2020","tag-pabellon-de-siria"],"_links":{"self":[{"href":"https:\/\/archive.sana.sy\/es\/index.php?rest_route=\/wp\/v2\/posts\/202297"}],"collection":[{"href":"https:\/\/archive.sana.sy\/es\/index.php?rest_route=\/wp\/v2\/posts"}],"about":[{"href":"https:\/\/archive.sana.sy\/es\/index.php?rest_route=\/wp\/v2\/types\/post"}],"author":[{"embeddable":true,"href":"https:\/\/archive.sana.sy\/es\/index.php?rest_route=\/wp\/v2\/users\/39"}],"replies":[{"embeddable":true,"href":"https:\/\/archive.sana.sy\/es\/index.php?rest_route=%2Fwp%2Fv2%2Fcomments&post=202297"}],"version-history":[{"count":0,"href":"https:\/\/archive.sana.sy\/es\/index.php?rest_route=\/wp\/v2\/posts\/202297\/revisions"}],"wp:featuredmedia":[{"embeddable":true,"href":"https:\/\/archive.sana.sy\/es\/index.php?rest_route=\/wp\/v2\/media\/202298"}],"wp:attachment":[{"href":"https:\/\/archive.sana.sy\/es\/index.php?rest_route=%2Fwp%2Fv2%2Fmedia&parent=202297"}],"wp:term":[{"taxonomy":"category","embeddable":true,"href":"https:\/\/archive.sana.sy\/es\/index.php?rest_route=%2Fwp%2Fv2%2Fcategories&post=202297"},{"taxonomy":"post_tag","embeddable":true,"href":"https:\/\/archive.sana.sy\/es\/index.php?rest_route=%2Fwp%2Fv2%2Ftags&post=202297"}],"curies":[{"name":"wp","href":"https:\/\/api.w.org\/{rel}","templated":true}]}}