{"id":20230,"date":"2015-03-26T20:00:05","date_gmt":"2015-03-26T18:00:05","guid":{"rendered":"http:\/\/www.sana.sy\/es\/?p=20230"},"modified":"2015-03-26T20:00:05","modified_gmt":"2015-03-26T18:00:05","slug":"vicecanciler-irani-siria-vencera-el-terrorismo-muy-pronto-e-iran-seguira-apoyandola","status":"publish","type":"post","link":"https:\/\/archive.sana.sy\/es\/?p=20230","title":{"rendered":"Vicecanciler iran\u00ed: Siria vencer\u00e1 el terrorismo muy pronto, e Ir\u00e1n seguir\u00e1  apoy\u00e1ndola"},"content":{"rendered":"<p><span style=\"color: #800000\">Mosc\u00fa, SANA<\/span><\/p>\n<p>El vicecanciller iran\u00ed, Hossein Amir Abdullahian anunci\u00f3 este jueves que Siria vencer\u00e1 muy pronto el terrorismo, enfatizando que la resistencia que mostr\u00f3 el pueblo sirio bajo el liderazgo del presidente Bashar al-Assad ha jugado el papel principal en la aclaraci\u00f3n de las razones de la expansi\u00f3n del terrorismo en la regi\u00f3n.<\/p>\n<p>Entrevistado por el corresponsal de SANA en Mosc\u00fa, Abdullahian aclar\u00f3 que Ir\u00e1n seguir\u00e1 apoyando a Siria, expresando el alivio de su pa\u00eds por el hecho de que varios pa\u00edses europeos y algunos actores internacionales han comenzado a reconsiderar sus posturas hacia la crisis en Siria y centrarse en los acontecimientos que se desarrollan en la misma. En este contexto, calific\u00f3 las visitas de las delegaciones parlamentarias a Siria de un \u201cpaso trascedente\u201d hacia una soluci\u00f3n pac\u00edfica en esta naci\u00f3n.<\/p>\n<p>Por otro lado, el Vicecanciller iran\u00ed se\u00f1al\u00f3 que las conversaciones que hab\u00eda entablado en la Canciller\u00eda rusa, giraron en torno a la situaci\u00f3n en Siria, Yemen, el L\u00edbano, Libia y Palestina, y las atrocidades de la organizaci\u00f3n terrorista del Estado Isl\u00e1mico.<\/p>\n<p>El alto pol\u00edtico iran\u00ed aludi\u00f3 que Ir\u00e1n y Rusia tienen un plan de acci\u00f3n unificado contra el terrorismo y el extremismo en la regi\u00f3n.<\/p>\n<p>&nbsp;<\/p>\n<p>Lynn A.<\/p>\n","protected":false},"excerpt":{"rendered":"<p>Mosc\u00fa, SANA El vicecanciller iran\u00ed, Hossein Amir Abdullahian anunci\u00f3 este jueves que Siria vencer\u00e1 muy pronto el terrorismo, enfatizando que la resistencia que mostr\u00f3 el pueblo sirio bajo el liderazgo del presidente Bashar al-Assad ha jugado el papel principal en la aclaraci\u00f3n de las razones de la expansi\u00f3n del terrorismo en la regi\u00f3n. Entrevistado por &hellip;<\/p>\n","protected":false},"author":24,"featured_media":6624,"comment_status":"closed","ping_status":"closed","sticky":false,"template":"","format":"standard","meta":{"footnotes":""},"categories":[456,457,576],"tags":[4583,4582],"class_list":["post-20230","post","type-post","status-publish","format-standard","has-post-thumbnail","","category-arabe-internacional-politica","category-noticias-arabe-internacional-politica","category-noticias-politicas","tag-e-iran-seguira-apoyandola","tag-vicecanciler-irani-siria-vencera-el-terrorismo-muy-pronto"],"_links":{"self":[{"href":"https:\/\/archive.sana.sy\/es\/index.php?rest_route=\/wp\/v2\/posts\/20230"}],"collection":[{"href":"https:\/\/archive.sana.sy\/es\/index.php?rest_route=\/wp\/v2\/posts"}],"about":[{"href":"https:\/\/archive.sana.sy\/es\/index.php?rest_route=\/wp\/v2\/types\/post"}],"author":[{"embeddable":true,"href":"https:\/\/archive.sana.sy\/es\/index.php?rest_route=\/wp\/v2\/users\/24"}],"replies":[{"embeddable":true,"href":"https:\/\/archive.sana.sy\/es\/index.php?rest_route=%2Fwp%2Fv2%2Fcomments&post=20230"}],"version-history":[{"count":0,"href":"https:\/\/archive.sana.sy\/es\/index.php?rest_route=\/wp\/v2\/posts\/20230\/revisions"}],"wp:featuredmedia":[{"embeddable":true,"href":"https:\/\/archive.sana.sy\/es\/index.php?rest_route=\/wp\/v2\/media\/6624"}],"wp:attachment":[{"href":"https:\/\/archive.sana.sy\/es\/index.php?rest_route=%2Fwp%2Fv2%2Fmedia&parent=20230"}],"wp:term":[{"taxonomy":"category","embeddable":true,"href":"https:\/\/archive.sana.sy\/es\/index.php?rest_route=%2Fwp%2Fv2%2Fcategories&post=20230"},{"taxonomy":"post_tag","embeddable":true,"href":"https:\/\/archive.sana.sy\/es\/index.php?rest_route=%2Fwp%2Fv2%2Ftags&post=20230"}],"curies":[{"name":"wp","href":"https:\/\/api.w.org\/{rel}","templated":true}]}}