{"id":202302,"date":"2021-10-22T14:00:29","date_gmt":"2021-10-22T11:00:29","guid":{"rendered":"http:\/\/107.6.182.27\/es\/?p=202302"},"modified":"2023-01-10T14:25:02","modified_gmt":"2023-01-10T12:25:02","slug":"comunidad-siria-en-chequia-condena-reciente-atentado-terrorista-en-damasco","status":"publish","type":"post","link":"https:\/\/archive.sana.sy\/es\/?p=202302","title":{"rendered":"Comunidad siria en Chequia condena reciente atentado terrorista en Damasco"},"content":{"rendered":"<p style=\"text-align: justify;\"><span style=\"color: #800000;\"><strong>Praga, 22 oct (SANA)<\/strong> <\/span>Los connacionales y estudiantes de la comunidad siria en la Rep\u00fablica Checa condenaron atentado contra un autob\u00fas militar que tuvo lugar la v\u00edspera en el centro de la capital Damasco, y afirmaron que es una prueba de la quiebra y el fracaso de las organizaciones hostiles.<\/p>\n<p style=\"text-align: justify;\">En un comunicado, la comunidad y estudiantes sirios se\u00f1alaron que los actos terroristas no detendr\u00e1n la determinaci\u00f3n de los sirios, y renovaron su apoyo a su patria y ej\u00e9rcito hasta la victoria final.<\/p>\n<p style=\"text-align: justify;\">Anteayer, 14 personas murieron y varios m\u00e1s resultaron heridas como resultado de la detonaci\u00f3n de dos artefactos explosivos contra un autob\u00fas militar.<\/p>\n<p style=\"text-align: justify;\"><span style=\"color: #0000ff;\"><strong>sm\/rsh<\/strong><\/span><\/p>\n","protected":false},"excerpt":{"rendered":"<p>Praga, 22 oct (SANA) Los connacionales y estudiantes de la comunidad siria en la Rep\u00fablica Checa condenaron atentado contra un autob\u00fas militar que tuvo lugar la v\u00edspera en el centro de la capital Damasco, y afirmaron que es una prueba de la quiebra y el fracaso de las organizaciones hostiles. En un comunicado, la comunidad &hellip;<\/p>\n","protected":false},"author":39,"featured_media":202303,"comment_status":"closed","ping_status":"closed","sticky":false,"template":"","format":"standard","meta":{"footnotes":""},"categories":[447,597,476,457,467,7541],"tags":[19846,19869,19870,17102,7161,11651],"class_list":["post-202302","post","type-post","status-publish","format-standard","has-post-thumbnail","","category-local-politica","category-cinta-de-noticias","category-locales","category-noticias-arabe-internacional-politica","category-siria-y-el-mundo","category-ultimas-noticias","tag-atentado-terrorista","tag-chequia","tag-comunidad-siria","tag-condena","tag-damasco","tag-praga"],"_links":{"self":[{"href":"https:\/\/archive.sana.sy\/es\/index.php?rest_route=\/wp\/v2\/posts\/202302"}],"collection":[{"href":"https:\/\/archive.sana.sy\/es\/index.php?rest_route=\/wp\/v2\/posts"}],"about":[{"href":"https:\/\/archive.sana.sy\/es\/index.php?rest_route=\/wp\/v2\/types\/post"}],"author":[{"embeddable":true,"href":"https:\/\/archive.sana.sy\/es\/index.php?rest_route=\/wp\/v2\/users\/39"}],"replies":[{"embeddable":true,"href":"https:\/\/archive.sana.sy\/es\/index.php?rest_route=%2Fwp%2Fv2%2Fcomments&post=202302"}],"version-history":[{"count":0,"href":"https:\/\/archive.sana.sy\/es\/index.php?rest_route=\/wp\/v2\/posts\/202302\/revisions"}],"wp:featuredmedia":[{"embeddable":true,"href":"https:\/\/archive.sana.sy\/es\/index.php?rest_route=\/wp\/v2\/media\/202303"}],"wp:attachment":[{"href":"https:\/\/archive.sana.sy\/es\/index.php?rest_route=%2Fwp%2Fv2%2Fmedia&parent=202302"}],"wp:term":[{"taxonomy":"category","embeddable":true,"href":"https:\/\/archive.sana.sy\/es\/index.php?rest_route=%2Fwp%2Fv2%2Fcategories&post=202302"},{"taxonomy":"post_tag","embeddable":true,"href":"https:\/\/archive.sana.sy\/es\/index.php?rest_route=%2Fwp%2Fv2%2Ftags&post=202302"}],"curies":[{"name":"wp","href":"https:\/\/api.w.org\/{rel}","templated":true}]}}