{"id":202389,"date":"2021-10-23T09:34:20","date_gmt":"2021-10-23T06:34:20","guid":{"rendered":"http:\/\/107.6.182.27\/es\/?p=202389"},"modified":"2023-01-10T14:25:00","modified_gmt":"2023-01-10T12:25:00","slug":"siria-reporta-292-nuevos-casos-de-covid-19","status":"publish","type":"post","link":"https:\/\/archive.sana.sy\/es\/?p=202389","title":{"rendered":"Siria reporta 292 nuevos casos de covid-19"},"content":{"rendered":"<p style=\"text-align: justify;\"><strong><span style=\"color: #800000;\">Damasco, 22 oct (SANA)<\/span>\u00a0 <\/strong>El Ministerio de Salud confirm\u00f3 que la cifra diaria de infectados por Covid-19 en Siria aument\u00f3 a 40 mil 922 tras contabilizar 292 nuevos casos.<\/p>\n<p style=\"text-align: justify;\">De acuerdo con un comunicado del Ministerio, en las \u00faltimas 24 horas, 114 personas se recuperaron de esta enfermedad para un total de 25,504 , mientras se reportaron 11 muertos lo que eleva a dos mil 478 el n\u00famero de decesos .<\/p>\n<p style=\"text-align: justify;\">Siria enfrenta esta pandemia en medio de un bloqueo injusto asfixiante impuesto por EEUU y algunos pa\u00edses de la UE, lo cual dificulta las capacidades del pa\u00eds de enfrentar esta pandemia.<\/p>\n<p style=\"text-align: justify;\"><strong><span style=\"color: #0000ff;\">ws\/fm<\/span><\/strong><\/p>\n","protected":false},"excerpt":{"rendered":"<p>Damasco, 22 oct (SANA)\u00a0 El Ministerio de Salud confirm\u00f3 que la cifra diaria de infectados por Covid-19 en Siria aument\u00f3 a 40 mil 922 tras contabilizar 292 nuevos casos. De acuerdo con un comunicado del Ministerio, en las \u00faltimas 24 horas, 114 personas se recuperaron de esta enfermedad para un total de 25,504 , mientras &hellip;<\/p>\n","protected":false},"author":35,"featured_media":202392,"comment_status":"closed","ping_status":"closed","sticky":false,"template":"","format":"standard","meta":{"footnotes":""},"categories":[477,447,597,476,7541],"tags":[17865,7161,17393,6553],"class_list":["post-202389","post","type-post","status-publish","format-standard","has-post-thumbnail","","category-noticias-edulcorantes","category-local-politica","category-cinta-de-noticias","category-locales","category-ultimas-noticias","tag-covid-19","tag-damasco","tag-ministerio-de-salud","tag-siria"],"_links":{"self":[{"href":"https:\/\/archive.sana.sy\/es\/index.php?rest_route=\/wp\/v2\/posts\/202389"}],"collection":[{"href":"https:\/\/archive.sana.sy\/es\/index.php?rest_route=\/wp\/v2\/posts"}],"about":[{"href":"https:\/\/archive.sana.sy\/es\/index.php?rest_route=\/wp\/v2\/types\/post"}],"author":[{"embeddable":true,"href":"https:\/\/archive.sana.sy\/es\/index.php?rest_route=\/wp\/v2\/users\/35"}],"replies":[{"embeddable":true,"href":"https:\/\/archive.sana.sy\/es\/index.php?rest_route=%2Fwp%2Fv2%2Fcomments&post=202389"}],"version-history":[{"count":0,"href":"https:\/\/archive.sana.sy\/es\/index.php?rest_route=\/wp\/v2\/posts\/202389\/revisions"}],"wp:featuredmedia":[{"embeddable":true,"href":"https:\/\/archive.sana.sy\/es\/index.php?rest_route=\/wp\/v2\/media\/202392"}],"wp:attachment":[{"href":"https:\/\/archive.sana.sy\/es\/index.php?rest_route=%2Fwp%2Fv2%2Fmedia&parent=202389"}],"wp:term":[{"taxonomy":"category","embeddable":true,"href":"https:\/\/archive.sana.sy\/es\/index.php?rest_route=%2Fwp%2Fv2%2Fcategories&post=202389"},{"taxonomy":"post_tag","embeddable":true,"href":"https:\/\/archive.sana.sy\/es\/index.php?rest_route=%2Fwp%2Fv2%2Ftags&post=202389"}],"curies":[{"name":"wp","href":"https:\/\/api.w.org\/{rel}","templated":true}]}}