{"id":202450,"date":"2021-10-23T15:23:40","date_gmt":"2021-10-23T12:23:40","guid":{"rendered":"http:\/\/107.6.182.27\/es\/?p=202450"},"modified":"2023-01-12T14:40:01","modified_gmt":"2023-01-12T12:40:01","slug":"fuerzas-aereas-del-agresor-saudi-lanzan-incursiones-en-la-ciudad-yemeni-de-hodeidah","status":"publish","type":"post","link":"https:\/\/archive.sana.sy\/es\/?p=202450","title":{"rendered":"Fuerzas a\u00e9reas del agresor saud\u00ed lanzan incursiones en la ciudad yemen\u00ed de Hodeidah"},"content":{"rendered":"<p style=\"text-align: justify;\"><span style=\"color: #800000;\"><strong>San\u00e1, 23 oct (SANA)<\/strong> <\/span>Las fuerzas a\u00e9reas del agresor saud\u00ed renovaron su ataque a la ciudad yemen\u00ed de Hodeidah, en una flagrante violaci\u00f3n del acuerdo de alto el fuego all\u00ed.<\/p>\n<p style=\"text-align: justify;\">El agresor lanz\u00f3 tres incursiones en la ciudad, causando graves da\u00f1os materiales a las propiedades de los ciudadanos, aclar\u00f3 el portal informativo Al-Masirah.<\/p>\n<p style=\"text-align: justify;\">En la v\u00edspera, se registraron 215 violaciones del alto el fuego por parte de las tropas sauditas en los frentes de Hodeidah.<\/p>\n<p style=\"text-align: justify;\"><span style=\"color: #0000ff;\"><strong>sm\/rsh<\/strong><\/span><\/p>\n","protected":false},"excerpt":{"rendered":"<p>San\u00e1, 23 oct (SANA) Las fuerzas a\u00e9reas del agresor saud\u00ed renovaron su ataque a la ciudad yemen\u00ed de Hodeidah, en una flagrante violaci\u00f3n del acuerdo de alto el fuego all\u00ed. El agresor lanz\u00f3 tres incursiones en la ciudad, causando graves da\u00f1os materiales a las propiedades de los ciudadanos, aclar\u00f3 el portal informativo Al-Masirah. En la &hellip;<\/p>\n","protected":false},"author":39,"featured_media":202451,"comment_status":"closed","ping_status":"closed","sticky":false,"template":"","format":"standard","meta":{"footnotes":""},"categories":[597,456],"tags":[19907,19906,19905,1347,6304],"class_list":["post-202450","post","type-post","status-publish","format-standard","has-post-thumbnail","","category-cinta-de-noticias","category-arabe-internacional-politica","tag-agresor-saudi","tag-hodeidah","tag-incursiones","tag-sana","tag-yemen"],"_links":{"self":[{"href":"https:\/\/archive.sana.sy\/es\/index.php?rest_route=\/wp\/v2\/posts\/202450"}],"collection":[{"href":"https:\/\/archive.sana.sy\/es\/index.php?rest_route=\/wp\/v2\/posts"}],"about":[{"href":"https:\/\/archive.sana.sy\/es\/index.php?rest_route=\/wp\/v2\/types\/post"}],"author":[{"embeddable":true,"href":"https:\/\/archive.sana.sy\/es\/index.php?rest_route=\/wp\/v2\/users\/39"}],"replies":[{"embeddable":true,"href":"https:\/\/archive.sana.sy\/es\/index.php?rest_route=%2Fwp%2Fv2%2Fcomments&post=202450"}],"version-history":[{"count":0,"href":"https:\/\/archive.sana.sy\/es\/index.php?rest_route=\/wp\/v2\/posts\/202450\/revisions"}],"wp:featuredmedia":[{"embeddable":true,"href":"https:\/\/archive.sana.sy\/es\/index.php?rest_route=\/wp\/v2\/media\/202451"}],"wp:attachment":[{"href":"https:\/\/archive.sana.sy\/es\/index.php?rest_route=%2Fwp%2Fv2%2Fmedia&parent=202450"}],"wp:term":[{"taxonomy":"category","embeddable":true,"href":"https:\/\/archive.sana.sy\/es\/index.php?rest_route=%2Fwp%2Fv2%2Fcategories&post=202450"},{"taxonomy":"post_tag","embeddable":true,"href":"https:\/\/archive.sana.sy\/es\/index.php?rest_route=%2Fwp%2Fv2%2Ftags&post=202450"}],"curies":[{"name":"wp","href":"https:\/\/api.w.org\/{rel}","templated":true}]}}