{"id":202511,"date":"2021-10-24T11:17:03","date_gmt":"2021-10-24T08:17:03","guid":{"rendered":"http:\/\/107.6.182.27\/es\/?p=202511"},"modified":"2023-01-10T14:24:58","modified_gmt":"2023-01-10T12:24:58","slug":"izraa-y-sheikh-meskin-se-unen-a-la-reconciliacion-y-el-ejercito-se-despliega-en-al-herak-fotos","status":"publish","type":"post","link":"https:\/\/archive.sana.sy\/es\/?p=202511","title":{"rendered":"Izraa y Sheikh Meskin se unen a la reconciliaci\u00f3n, y el ej\u00e9rcito se despliega en al-Herak (+ fotos)"},"content":{"rendered":"<p style=\"text-align: justify;\"><strong><span style=\"color: #800000;\">Deraa, 24 oct (SANA)\u00a0<\/span><\/strong> El proceso de reconciliaci\u00f3n propuesto por el Estado sirio comenz\u00f3 a implementarse en nuevas regiones en la provincia de Deraa, en el sur de Siria.<\/p>\n<p style=\"text-align: justify;\">Seg\u00fan reportes del corresponsal de SANA, varios armados, pr\u00f3fugas y fugitivos del servicio militar comenzaron a deponer sus armas y entregarse al ej\u00e9rcito sirio en las localidades de Izraa y Sheikh Meskin y sus alrededores.<\/p>\n<p style=\"text-align: justify;\">&#8220;Desde horas tempranas de hoy domingo, los armados e integrantes de grupos ilegales deponen sus armas y son indultados por las autoridades competentes en un centro de reconciliaci\u00f3n establecido en la referida regi\u00f3n&#8221;, detall\u00f3 el corresponsal.<\/p>\n<p style=\"text-align: justify;\">Esto ocurre mientras unidades del ej\u00e9rcito \u00e1rabe sirio especializadas en desminado se desplegaron en las \u00faltimas horas en la ciudad de al-Herak y sus alrededores en noreste de Deraa tras completarse el proceso de entrega de los armados.<\/p>\n<p style=\"text-align: justify;\">Los militares iniciaron las operaciones de peinado para neutralizar minas y artefactos explosivos remanentes de los terroristas, para preservar la vida de los civiles.<\/p>\n<p style=\"text-align: justify;\">Decenas de armados en la mayor\u00eda de las localidades de Deraa se rindieron al Estado Sirio, mientas unidades del ej\u00e9rcito reforzaron su presencia en las mismas.<\/p>\n<div id='gallery-1' class='gallery galleryid-202511 gallery-columns-1 gallery-size-full'><figure class='gallery-item'>\n\t\t\t<div class='gallery-icon landscape'>\n\t\t\t\t<a href='https:\/\/archive.sana.sy\/es\/?attachment_id=202513'><img loading=\"lazy\" decoding=\"async\" width=\"2560\" height=\"1598\" src=\"https:\/\/archive.sana.sy\/es\/wp-content\/uploads\/2021\/10\/photo_2021-10-24_10-16-25-scaled.jpg\" class=\"attachment-full size-full\" alt=\"\" srcset=\"https:\/\/archive.sana.sy\/es\/wp-content\/uploads\/2021\/10\/photo_2021-10-24_10-16-25-scaled.jpg 2560w, https:\/\/archive.sana.sy\/es\/wp-content\/uploads\/2021\/10\/photo_2021-10-24_10-16-25-300x187.jpg 300w, https:\/\/archive.sana.sy\/es\/wp-content\/uploads\/2021\/10\/photo_2021-10-24_10-16-25-1024x639.jpg 1024w, https:\/\/archive.sana.sy\/es\/wp-content\/uploads\/2021\/10\/photo_2021-10-24_10-16-25-150x94.jpg 150w, https:\/\/archive.sana.sy\/es\/wp-content\/uploads\/2021\/10\/photo_2021-10-24_10-16-25-768x479.jpg 768w, https:\/\/archive.sana.sy\/es\/wp-content\/uploads\/2021\/10\/photo_2021-10-24_10-16-25-1536x959.jpg 1536w, https:\/\/archive.sana.sy\/es\/wp-content\/uploads\/2021\/10\/photo_2021-10-24_10-16-25-2048x1278.jpg 2048w\" sizes=\"(max-width: 2560px) 100vw, 2560px\" \/><\/a>\n\t\t\t<\/div><\/figure><figure class='gallery-item'>\n\t\t\t<div class='gallery-icon landscape'>\n\t\t\t\t<a href='https:\/\/archive.sana.sy\/es\/?attachment_id=202514'><img loading=\"lazy\" decoding=\"async\" width=\"2560\" height=\"1757\" src=\"https:\/\/archive.sana.sy\/es\/wp-content\/uploads\/2021\/10\/photo_2021-10-24_10-16-38-scaled.jpg\" class=\"attachment-full size-full\" alt=\"\" srcset=\"https:\/\/archive.sana.sy\/es\/wp-content\/uploads\/2021\/10\/photo_2021-10-24_10-16-38-scaled.jpg 2560w, https:\/\/archive.sana.sy\/es\/wp-content\/uploads\/2021\/10\/photo_2021-10-24_10-16-38-300x206.jpg 300w, https:\/\/archive.sana.sy\/es\/wp-content\/uploads\/2021\/10\/photo_2021-10-24_10-16-38-1024x703.jpg 1024w, https:\/\/archive.sana.sy\/es\/wp-content\/uploads\/2021\/10\/photo_2021-10-24_10-16-38-150x103.jpg 150w, https:\/\/archive.sana.sy\/es\/wp-content\/uploads\/2021\/10\/photo_2021-10-24_10-16-38-768x527.jpg 768w, https:\/\/archive.sana.sy\/es\/wp-content\/uploads\/2021\/10\/photo_2021-10-24_10-16-38-1536x1054.jpg 1536w, https:\/\/archive.sana.sy\/es\/wp-content\/uploads\/2021\/10\/photo_2021-10-24_10-16-38-2048x1405.jpg 2048w, https:\/\/archive.sana.sy\/es\/wp-content\/uploads\/2021\/10\/photo_2021-10-24_10-16-38-110x75.jpg 110w\" sizes=\"(max-width: 2560px) 100vw, 2560px\" \/><\/a>\n\t\t\t<\/div><\/figure><figure class='gallery-item'>\n\t\t\t<div class='gallery-icon landscape'>\n\t\t\t\t<a href='https:\/\/archive.sana.sy\/es\/?attachment_id=202515'><img loading=\"lazy\" decoding=\"async\" width=\"1181\" height=\"647\" src=\"https:\/\/archive.sana.sy\/es\/wp-content\/uploads\/2021\/10\/01-1.jpg\" class=\"attachment-full size-full\" alt=\"\" srcset=\"https:\/\/archive.sana.sy\/es\/wp-content\/uploads\/2021\/10\/01-1.jpg 1181w, https:\/\/archive.sana.sy\/es\/wp-content\/uploads\/2021\/10\/01-1-300x164.jpg 300w, https:\/\/archive.sana.sy\/es\/wp-content\/uploads\/2021\/10\/01-1-1024x561.jpg 1024w, https:\/\/archive.sana.sy\/es\/wp-content\/uploads\/2021\/10\/01-1-150x82.jpg 150w, https:\/\/archive.sana.sy\/es\/wp-content\/uploads\/2021\/10\/01-1-768x421.jpg 768w\" sizes=\"(max-width: 1181px) 100vw, 1181px\" \/><\/a>\n\t\t\t<\/div><\/figure><figure class='gallery-item'>\n\t\t\t<div class='gallery-icon landscape'>\n\t\t\t\t<a href='https:\/\/archive.sana.sy\/es\/?attachment_id=202516'><img loading=\"lazy\" decoding=\"async\" width=\"1181\" height=\"647\" src=\"https:\/\/archive.sana.sy\/es\/wp-content\/uploads\/2021\/10\/02-5.jpg\" class=\"attachment-full size-full\" alt=\"\" srcset=\"https:\/\/archive.sana.sy\/es\/wp-content\/uploads\/2021\/10\/02-5.jpg 1181w, https:\/\/archive.sana.sy\/es\/wp-content\/uploads\/2021\/10\/02-5-300x164.jpg 300w, https:\/\/archive.sana.sy\/es\/wp-content\/uploads\/2021\/10\/02-5-1024x561.jpg 1024w, https:\/\/archive.sana.sy\/es\/wp-content\/uploads\/2021\/10\/02-5-150x82.jpg 150w, https:\/\/archive.sana.sy\/es\/wp-content\/uploads\/2021\/10\/02-5-768x421.jpg 768w\" sizes=\"(max-width: 1181px) 100vw, 1181px\" \/><\/a>\n\t\t\t<\/div><\/figure><figure class='gallery-item'>\n\t\t\t<div class='gallery-icon landscape'>\n\t\t\t\t<a href='https:\/\/archive.sana.sy\/es\/?attachment_id=202517'><img loading=\"lazy\" decoding=\"async\" width=\"1181\" height=\"647\" src=\"https:\/\/archive.sana.sy\/es\/wp-content\/uploads\/2021\/10\/03-2.jpg\" class=\"attachment-full size-full\" alt=\"\" srcset=\"https:\/\/archive.sana.sy\/es\/wp-content\/uploads\/2021\/10\/03-2.jpg 1181w, https:\/\/archive.sana.sy\/es\/wp-content\/uploads\/2021\/10\/03-2-300x164.jpg 300w, https:\/\/archive.sana.sy\/es\/wp-content\/uploads\/2021\/10\/03-2-1024x561.jpg 1024w, https:\/\/archive.sana.sy\/es\/wp-content\/uploads\/2021\/10\/03-2-150x82.jpg 150w, https:\/\/archive.sana.sy\/es\/wp-content\/uploads\/2021\/10\/03-2-768x421.jpg 768w\" sizes=\"(max-width: 1181px) 100vw, 1181px\" \/><\/a>\n\t\t\t<\/div><\/figure>\n\t\t<\/div>\n\n<p style=\"text-align: justify;\"><span style=\"color: #0000ff;\"><strong>ws\/fm<\/strong><\/span><\/p>\n","protected":false},"excerpt":{"rendered":"<p>Deraa, 24 oct (SANA)\u00a0 El proceso de reconciliaci\u00f3n propuesto por el Estado sirio comenz\u00f3 a implementarse en nuevas regiones en la provincia de Deraa, en el sur de Siria. Seg\u00fan reportes del corresponsal de SANA, varios armados, pr\u00f3fugas y fugitivos del servicio militar comenzaron a deponer sus armas y entregarse al ej\u00e9rcito sirio en las &hellip;<\/p>\n","protected":false},"author":35,"featured_media":202512,"comment_status":"closed","ping_status":"closed","sticky":false,"template":"","format":"standard","meta":{"footnotes":""},"categories":[477,447,597,573,476,583],"tags":[17398,19799,19926,19695,1347,19927],"class_list":["post-202511","post","type-post","status-publish","format-standard","has-post-thumbnail","","category-noticias-edulcorantes","category-local-politica","category-cinta-de-noticias","category-la-realidad-de-los-acontecimientos-en-siria","category-locales","category-slide","tag-deraa","tag-herak","tag-izraa","tag-reconciliacion","tag-sana","tag-sheikh"],"_links":{"self":[{"href":"https:\/\/archive.sana.sy\/es\/index.php?rest_route=\/wp\/v2\/posts\/202511"}],"collection":[{"href":"https:\/\/archive.sana.sy\/es\/index.php?rest_route=\/wp\/v2\/posts"}],"about":[{"href":"https:\/\/archive.sana.sy\/es\/index.php?rest_route=\/wp\/v2\/types\/post"}],"author":[{"embeddable":true,"href":"https:\/\/archive.sana.sy\/es\/index.php?rest_route=\/wp\/v2\/users\/35"}],"replies":[{"embeddable":true,"href":"https:\/\/archive.sana.sy\/es\/index.php?rest_route=%2Fwp%2Fv2%2Fcomments&post=202511"}],"version-history":[{"count":0,"href":"https:\/\/archive.sana.sy\/es\/index.php?rest_route=\/wp\/v2\/posts\/202511\/revisions"}],"wp:featuredmedia":[{"embeddable":true,"href":"https:\/\/archive.sana.sy\/es\/index.php?rest_route=\/wp\/v2\/media\/202512"}],"wp:attachment":[{"href":"https:\/\/archive.sana.sy\/es\/index.php?rest_route=%2Fwp%2Fv2%2Fmedia&parent=202511"}],"wp:term":[{"taxonomy":"category","embeddable":true,"href":"https:\/\/archive.sana.sy\/es\/index.php?rest_route=%2Fwp%2Fv2%2Fcategories&post=202511"},{"taxonomy":"post_tag","embeddable":true,"href":"https:\/\/archive.sana.sy\/es\/index.php?rest_route=%2Fwp%2Fv2%2Ftags&post=202511"}],"curies":[{"name":"wp","href":"https:\/\/api.w.org\/{rel}","templated":true}]}}