{"id":202584,"date":"2021-10-24T17:01:11","date_gmt":"2021-10-24T14:01:11","guid":{"rendered":"http:\/\/107.6.182.27\/es\/?p=202584"},"modified":"2021-10-24T17:06:47","modified_gmt":"2021-10-24T14:06:47","slug":"rehabilitan-dos-pozos-y-una-bomba-de-agua-en-la-planta-de-agua-alouk","status":"publish","type":"post","link":"https:\/\/archive.sana.sy\/es\/?p=202584","title":{"rendered":"Rehabilitan dos pozos y una bomba de agua en la planta de agua Alouk"},"content":{"rendered":"<p style=\"text-align: justify;\"><span style=\"color: #800000;\"><strong>Hasakeh, 24 oct., (SANA)\u00a0 \u00a0<\/strong><\/span>Como parte de sus esfuerzos en curso para dar plena capacidad a la planta de agua potable Alouk, situada en la localidad de Ras Al-Ain, la Empresa Estatal de Agua Potable en la provincia de Hasakeh concluy\u00f3 la rehabilitaci\u00f3n de dos nuevos pozos y una bomba horizontal de agua en la referida instalaci\u00f3n.<\/p>\n<p style=\"text-align: justify;\">\u201cDespu\u00e9s de la rehabilitaci\u00f3n de los dos pozos, ahora tenemos 24 pozos y 5 bombas funcionando en el complejo, lo que contribuye a la mejora del suministro de agua\u201d, inform\u00f3 el gerente de la empresa, Mahmoud Oklah, a SANA.<\/p>\n<p style=\"text-align: justify;\">Oklah se\u00f1al\u00f3 que se est\u00e1 trabajando para poner en servicio la totalidad de los 34 pozos y 12 bombas que incluye la referida planta.<\/p>\n<p style=\"text-align: justify;\"><strong>ah\/rsh<\/strong><\/p>\n","protected":false},"excerpt":{"rendered":"<p>Hasakeh, 24 oct., (SANA)\u00a0 \u00a0Como parte de sus esfuerzos en curso para dar plena capacidad a la planta de agua potable Alouk, situada en la localidad de Ras Al-Ain, la Empresa Estatal de Agua Potable en la provincia de Hasakeh concluy\u00f3 la rehabilitaci\u00f3n de dos nuevos pozos y una bomba horizontal de agua en la &hellip;<\/p>\n","protected":false},"author":30,"featured_media":202586,"comment_status":"closed","ping_status":"closed","sticky":false,"template":"","format":"standard","meta":{"footnotes":""},"categories":[597,476,457,7541],"tags":[],"class_list":["post-202584","post","type-post","status-publish","format-standard","has-post-thumbnail","","category-cinta-de-noticias","category-locales","category-noticias-arabe-internacional-politica","category-ultimas-noticias"],"_links":{"self":[{"href":"https:\/\/archive.sana.sy\/es\/index.php?rest_route=\/wp\/v2\/posts\/202584"}],"collection":[{"href":"https:\/\/archive.sana.sy\/es\/index.php?rest_route=\/wp\/v2\/posts"}],"about":[{"href":"https:\/\/archive.sana.sy\/es\/index.php?rest_route=\/wp\/v2\/types\/post"}],"author":[{"embeddable":true,"href":"https:\/\/archive.sana.sy\/es\/index.php?rest_route=\/wp\/v2\/users\/30"}],"replies":[{"embeddable":true,"href":"https:\/\/archive.sana.sy\/es\/index.php?rest_route=%2Fwp%2Fv2%2Fcomments&post=202584"}],"version-history":[{"count":0,"href":"https:\/\/archive.sana.sy\/es\/index.php?rest_route=\/wp\/v2\/posts\/202584\/revisions"}],"wp:featuredmedia":[{"embeddable":true,"href":"https:\/\/archive.sana.sy\/es\/index.php?rest_route=\/wp\/v2\/media\/202586"}],"wp:attachment":[{"href":"https:\/\/archive.sana.sy\/es\/index.php?rest_route=%2Fwp%2Fv2%2Fmedia&parent=202584"}],"wp:term":[{"taxonomy":"category","embeddable":true,"href":"https:\/\/archive.sana.sy\/es\/index.php?rest_route=%2Fwp%2Fv2%2Fcategories&post=202584"},{"taxonomy":"post_tag","embeddable":true,"href":"https:\/\/archive.sana.sy\/es\/index.php?rest_route=%2Fwp%2Fv2%2Ftags&post=202584"}],"curies":[{"name":"wp","href":"https:\/\/api.w.org\/{rel}","templated":true}]}}