{"id":202744,"date":"2021-10-25T16:52:55","date_gmt":"2021-10-25T13:52:55","guid":{"rendered":"http:\/\/107.6.182.27\/es\/?p=202744"},"modified":"2023-01-12T14:40:01","modified_gmt":"2023-01-12T12:40:01","slug":"alemania-denuncia-declaraciones-de-erdogan-sobre-la-intencion-de-expulsar-a-su-embajador","status":"publish","type":"post","link":"https:\/\/archive.sana.sy\/es\/?p=202744","title":{"rendered":"Alemania denuncia declaraciones de Erdogan sobre la intenci\u00f3n de expulsar a su embajador"},"content":{"rendered":"<p style=\"text-align: justify;\"><strong><span style=\"color: #800000;\">Berl\u00edn, 25, oct (SANA)<\/span><\/strong> El Gobierno alem\u00e1n expres\u00f3 hoy su &#8220;preocupaci\u00f3n&#8221; e &#8220;incomprensi\u00f3n&#8221; por el anuncio del presidente del r\u00e9gimen turco, Recep Tayyip Erdogan, de declarar &#8220;persona non grata&#8221; a diez embajadores, entre ellos el de Alemania.<\/p>\n<p style=\"text-align: justify;\">&#8220;Naturalmente tomamos nota con preocupaci\u00f3n e incomprensi\u00f3n de las declaraciones de Erdogan&#8221;, dijo el portavoz del Ejecutivo alem\u00e1n, Steffen Seibert.<\/p>\n<p style=\"text-align: justify;\">\u201cPor el momento no se ha recibido ninguna comunicaci\u00f3n formal en esta direcci\u00f3n de la parte turca\u201d, agreg\u00f3.<\/p>\n<p style=\"text-align: justify;\">El pasado s\u00e1bado, Erdogan cre\u00f3 una crisis diplom\u00e1tica y orden\u00f3 la expulsi\u00f3n de los embajadores de diez pa\u00edses, a saber : Canad\u00e1, Francia, Finlandia, Dinamarca, Alemania, Holanda, Nueva Zelanda, Noruega, Suecia y Estados Unidos.<\/p>\n<p style=\"text-align: justify;\">El jefe del r\u00e9gimen turco confirm\u00f3 su insistencia en sus pol\u00edticas represivas contra sus opositores, y justific\u00f3 sus decisiones por la solicitud de los embajadores y sus pa\u00edses para liberar al oponente y empresario turco Osman Kavala, que se encuentra detenido desde 2017 y sin juicio.<\/p>\n<p><em>mm<\/em><\/p>\n","protected":false},"excerpt":{"rendered":"<p>Berl\u00edn, 25, oct (SANA) El Gobierno alem\u00e1n expres\u00f3 hoy su &#8220;preocupaci\u00f3n&#8221; e &#8220;incomprensi\u00f3n&#8221; por el anuncio del presidente del r\u00e9gimen turco, Recep Tayyip Erdogan, de declarar &#8220;persona non grata&#8221; a diez embajadores, entre ellos el de Alemania. &#8220;Naturalmente tomamos nota con preocupaci\u00f3n e incomprensi\u00f3n de las declaraciones de Erdogan&#8221;, dijo el portavoz del Ejecutivo alem\u00e1n, &hellip;<\/p>\n","protected":false},"author":36,"featured_media":202745,"comment_status":"closed","ping_status":"closed","sticky":false,"template":"","format":"standard","meta":{"footnotes":""},"categories":[597,456,457],"tags":[19946],"class_list":["post-202744","post","type-post","status-publish","format-standard","has-post-thumbnail","","category-cinta-de-noticias","category-arabe-internacional-politica","category-noticias-arabe-internacional-politica","tag-berlin-alemania"],"_links":{"self":[{"href":"https:\/\/archive.sana.sy\/es\/index.php?rest_route=\/wp\/v2\/posts\/202744"}],"collection":[{"href":"https:\/\/archive.sana.sy\/es\/index.php?rest_route=\/wp\/v2\/posts"}],"about":[{"href":"https:\/\/archive.sana.sy\/es\/index.php?rest_route=\/wp\/v2\/types\/post"}],"author":[{"embeddable":true,"href":"https:\/\/archive.sana.sy\/es\/index.php?rest_route=\/wp\/v2\/users\/36"}],"replies":[{"embeddable":true,"href":"https:\/\/archive.sana.sy\/es\/index.php?rest_route=%2Fwp%2Fv2%2Fcomments&post=202744"}],"version-history":[{"count":0,"href":"https:\/\/archive.sana.sy\/es\/index.php?rest_route=\/wp\/v2\/posts\/202744\/revisions"}],"wp:featuredmedia":[{"embeddable":true,"href":"https:\/\/archive.sana.sy\/es\/index.php?rest_route=\/wp\/v2\/media\/202745"}],"wp:attachment":[{"href":"https:\/\/archive.sana.sy\/es\/index.php?rest_route=%2Fwp%2Fv2%2Fmedia&parent=202744"}],"wp:term":[{"taxonomy":"category","embeddable":true,"href":"https:\/\/archive.sana.sy\/es\/index.php?rest_route=%2Fwp%2Fv2%2Fcategories&post=202744"},{"taxonomy":"post_tag","embeddable":true,"href":"https:\/\/archive.sana.sy\/es\/index.php?rest_route=%2Fwp%2Fv2%2Ftags&post=202744"}],"curies":[{"name":"wp","href":"https:\/\/api.w.org\/{rel}","templated":true}]}}