{"id":202763,"date":"2021-10-25T17:31:39","date_gmt":"2021-10-25T14:31:39","guid":{"rendered":"http:\/\/107.6.182.27\/es\/?p=202763"},"modified":"2023-01-12T14:40:00","modified_gmt":"2023-01-12T12:40:00","slug":"cuba-califica-de-subversivo-el-papel-de-la-embajada-de-eeuu-en-la-habana","status":"publish","type":"post","link":"https:\/\/archive.sana.sy\/es\/?p=202763","title":{"rendered":"Cuba califica de subversivo el papel de la Embajada de EEUU en La Habana"},"content":{"rendered":"<p style=\"text-align: justify;\"><strong><span style=\"color: #800000;\">La Habana, 25 oct (SANA)\u00a0 \u00a0<\/span><\/strong>El ministro de Relaciones Exteriores de Cuba, Bruno Rodr\u00edguez Parrilla, describi\u00f3 de subversivo y provocador el papel de la Embajada de EEUU en su pa\u00eds.<\/p>\n<p style=\"text-align: justify;\">\u201cLa misi\u00f3n diplom\u00e1tica de Washington est\u00e1 desempe\u00f1ando un papel creciente en los esfuerzos de subversi\u00f3n pol\u00edtica\u201d, dijo el Canciller en su cuenta de Twitter.<\/p>\n<p style=\"text-align: justify;\">Calific\u00f3 este comportamiento de provocador y violatorio de la Convenci\u00f3n de Viena, y reiter\u00f3 la determinaci\u00f3n de enfrentar esta labor subversiva y agresiva de la Embajada.<\/p>\n<p style=\"text-align: justify;\">Cuba enfrenta durante casi 60 a\u00f1os un injusto bloqueo econ\u00f3mico impuesto por Estados Unidos debido a sus pol\u00edticas de rechazo a los intentos de exclusividad y hegemon\u00eda estadounidense, y este bloqueo es considerado el m\u00e1s largo impuesto en la historia moderna.<\/p>\n<p style=\"text-align: justify;\">La Asamblea General de las Naciones Unidas exige anualmente el fin del bloqueo econ\u00f3mico, comercial y financiero impuesto por los Estados Unidos contra esta isla caribe\u00f1a.<\/p>\n<p style=\"text-align: justify;\"><strong><span style=\"color: #0000ff;\">fm\/ed<\/span><\/strong><\/p>\n","protected":false},"excerpt":{"rendered":"<p>La Habana, 25 oct (SANA)\u00a0 \u00a0El ministro de Relaciones Exteriores de Cuba, Bruno Rodr\u00edguez Parrilla, describi\u00f3 de subversivo y provocador el papel de la Embajada de EEUU en su pa\u00eds. \u201cLa misi\u00f3n diplom\u00e1tica de Washington est\u00e1 desempe\u00f1ando un papel creciente en los esfuerzos de subversi\u00f3n pol\u00edtica\u201d, dijo el Canciller en su cuenta de Twitter. Calific\u00f3 &hellip;<\/p>\n","protected":false},"author":32,"featured_media":202768,"comment_status":"closed","ping_status":"closed","sticky":false,"template":"","format":"standard","meta":{"footnotes":""},"categories":[597,456,7541],"tags":[7132,12251],"class_list":["post-202763","post","type-post","status-publish","format-standard","has-post-thumbnail","","category-cinta-de-noticias","category-arabe-internacional-politica","category-ultimas-noticias","tag-eeuu","tag-la-habana"],"_links":{"self":[{"href":"https:\/\/archive.sana.sy\/es\/index.php?rest_route=\/wp\/v2\/posts\/202763"}],"collection":[{"href":"https:\/\/archive.sana.sy\/es\/index.php?rest_route=\/wp\/v2\/posts"}],"about":[{"href":"https:\/\/archive.sana.sy\/es\/index.php?rest_route=\/wp\/v2\/types\/post"}],"author":[{"embeddable":true,"href":"https:\/\/archive.sana.sy\/es\/index.php?rest_route=\/wp\/v2\/users\/32"}],"replies":[{"embeddable":true,"href":"https:\/\/archive.sana.sy\/es\/index.php?rest_route=%2Fwp%2Fv2%2Fcomments&post=202763"}],"version-history":[{"count":0,"href":"https:\/\/archive.sana.sy\/es\/index.php?rest_route=\/wp\/v2\/posts\/202763\/revisions"}],"wp:featuredmedia":[{"embeddable":true,"href":"https:\/\/archive.sana.sy\/es\/index.php?rest_route=\/wp\/v2\/media\/202768"}],"wp:attachment":[{"href":"https:\/\/archive.sana.sy\/es\/index.php?rest_route=%2Fwp%2Fv2%2Fmedia&parent=202763"}],"wp:term":[{"taxonomy":"category","embeddable":true,"href":"https:\/\/archive.sana.sy\/es\/index.php?rest_route=%2Fwp%2Fv2%2Fcategories&post=202763"},{"taxonomy":"post_tag","embeddable":true,"href":"https:\/\/archive.sana.sy\/es\/index.php?rest_route=%2Fwp%2Fv2%2Ftags&post=202763"}],"curies":[{"name":"wp","href":"https:\/\/api.w.org\/{rel}","templated":true}]}}