{"id":20277,"date":"2015-03-27T17:56:44","date_gmt":"2015-03-27T14:56:44","guid":{"rendered":"http:\/\/www.sana.sy\/es\/?p=20277"},"modified":"2015-03-27T17:56:44","modified_gmt":"2015-03-27T14:56:44","slug":"segundo-dia-de-bombardeos-saudies-contra-yemen","status":"publish","type":"post","link":"https:\/\/archive.sana.sy\/es\/?p=20277","title":{"rendered":"Segundo d\u00eda de bombardeos saud\u00edes contra Yemen"},"content":{"rendered":"<p style=\"text-align: justify\"><span style=\"color: #0000ff\">San\u00e1-SANA<\/span><\/p>\n<p>Los aviones de la coalici\u00f3n \u00e1rabe que dirige Arabia Saud\u00ed han vuelto a bombardear en la madrugada de este viernes, por segundo d\u00eda consecutivo, posiciones de los rebeldes Huthi en Yemen. Mientras tanto, el presidente yemen\u00ed, Abdrabbo Mansur Hadi, que la v\u00edspera lleg\u00f3 a Riad, se dirige a Egipto para participar en la cumbre de la Liga \u00c1rabe que este fin de semana se celebra en la ciudad de Sharm el Sheij, en la costa del mar Rojo.<\/p>\n<p>Los residentes en San\u00e1, la capital de Yemen, han vuelto a o\u00edr explosiones de madrugada. Al parecer los bombardeos han alcanzado un centro de reclutamiento, situado al oeste de la ciudad, seg\u00fan ha informado la cadena de televisi\u00f3n catar\u00ed Al Jazeera. Los ataques tambi\u00e9n se han dirigido en esta ocasi\u00f3n contra el feudo Huthi en Saada, al norte del pa\u00eds, as\u00ed como contra varios cuarteles en Ad\u00e9n y Taiz.<\/p>\n<p><span style=\"color: #800000\">M.Miri<\/span><\/p>\n","protected":false},"excerpt":{"rendered":"<p>San\u00e1-SANA Los aviones de la coalici\u00f3n \u00e1rabe que dirige Arabia Saud\u00ed han vuelto a bombardear en la madrugada de este viernes, por segundo d\u00eda consecutivo, posiciones de los rebeldes Huthi en Yemen. Mientras tanto, el presidente yemen\u00ed, Abdrabbo Mansur Hadi, que la v\u00edspera lleg\u00f3 a Riad, se dirige a Egipto para participar en la cumbre &hellip;<\/p>\n","protected":false},"author":1,"featured_media":20278,"comment_status":"closed","ping_status":"closed","sticky":false,"template":"","format":"standard","meta":{"footnotes":""},"categories":[456,457],"tags":[4599],"class_list":["post-20277","post","type-post","status-publish","format-standard","has-post-thumbnail","","category-arabe-internacional-politica","category-noticias-arabe-internacional-politica","tag-segundo-dia-de-bombardeos-saudies-contra-yemen"],"_links":{"self":[{"href":"https:\/\/archive.sana.sy\/es\/index.php?rest_route=\/wp\/v2\/posts\/20277"}],"collection":[{"href":"https:\/\/archive.sana.sy\/es\/index.php?rest_route=\/wp\/v2\/posts"}],"about":[{"href":"https:\/\/archive.sana.sy\/es\/index.php?rest_route=\/wp\/v2\/types\/post"}],"author":[{"embeddable":true,"href":"https:\/\/archive.sana.sy\/es\/index.php?rest_route=\/wp\/v2\/users\/1"}],"replies":[{"embeddable":true,"href":"https:\/\/archive.sana.sy\/es\/index.php?rest_route=%2Fwp%2Fv2%2Fcomments&post=20277"}],"version-history":[{"count":0,"href":"https:\/\/archive.sana.sy\/es\/index.php?rest_route=\/wp\/v2\/posts\/20277\/revisions"}],"wp:featuredmedia":[{"embeddable":true,"href":"https:\/\/archive.sana.sy\/es\/index.php?rest_route=\/wp\/v2\/media\/20278"}],"wp:attachment":[{"href":"https:\/\/archive.sana.sy\/es\/index.php?rest_route=%2Fwp%2Fv2%2Fmedia&parent=20277"}],"wp:term":[{"taxonomy":"category","embeddable":true,"href":"https:\/\/archive.sana.sy\/es\/index.php?rest_route=%2Fwp%2Fv2%2Fcategories&post=20277"},{"taxonomy":"post_tag","embeddable":true,"href":"https:\/\/archive.sana.sy\/es\/index.php?rest_route=%2Fwp%2Fv2%2Ftags&post=20277"}],"curies":[{"name":"wp","href":"https:\/\/api.w.org\/{rel}","templated":true}]}}